{"id":259285,"date":"2026-09-04T16:18:07","date_gmt":"2026-09-04T14:18:07","guid":{"rendered":"https:\/\/carscollection.com\/?p=259285"},"modified":"2026-09-04T16:31:20","modified_gmt":"2026-09-04T14:31:20","slug":"monterey-car-week-2026-part-2","status":"publish","type":"post","link":"https:\/\/carscollection.com\/en\/monterey-car-week-2026-del-2\/","title":{"rendered":"Monterey Car Week 2026, Part 2: - A planning mistake"},"content":{"rendered":"<h2 id=\"h-monterey-car-week-2026-del-2\" class=\"wp-block-heading\">Monterey Car Week 2026, Part 2<\/h2>\n\n\n\n<h2 id=\"h-ett-misstag-i-planeringen\" class=\"wp-block-heading\">A planning mistake<\/h2>\n\n\n\n<p class=\"wp-block-paragraph\">Ahead of my trip to Monterey Car Week in 2026, I actually had a pretty poor idea of what was waiting for me. Naturally, I knew what <a href=\"https:\/\/www.pebblebeachconcours.net\">Pebble Beach Concours d\u2019Elegance<\/a> which also celebrated its 75th edition in 2026, but not how enormous the entire surrounding week had become. It is not a single event, but rather a multitude of separate gatherings, premieres, auctions, private viewings, and get-togethers spread across the entire Monterey Peninsula.<\/p>\n\n\n\n<p class=\"wp-block-paragraph\">It was something I only discovered when the trip was already planned. And then I also realised my mistake. A press pass for Monterey Car Week 2026 wasn't enough. Many of the major events had their own accreditations that needed to be applied for separately and long in advance.<\/p>\n\n\n\n<p class=\"wp-block-paragraph\">I still tried to apply to several of them, among others <a href=\"https:\/\/www.peninsula.com\/en\/signature-events\/events\/motorsports\">The Quail<\/a>, A Motorsports Gathering, <a href=\"https:\/\/motorlux.com\">Motorlux at Monterey Jet Center<\/a> and <a href=\"https:\/\/weathertechraceway.com\/pages\/rolex-monterey-motorsports-reunion?srsltid=AfmBOoqUW3lZcqMyheyYjVin6T1gNZzQm0Wpt5woSAr83jovvUytdxUa\">Rolex Monterey Motorsports Reunion at Laguna Seca<\/a>. But I was either told I was too late or got no response at all.<\/p>\n\n\n\n<p class=\"wp-block-paragraph\">I was informed by The Quail that there was no press accreditation for me. With a ticket price of 1,750 dollars, it wasn't exactly the kind of event you spontaneously bought a ticket for either. I therefore simply ruled out The Quail from my Monterey week.<\/p>\n\n\n\n<figure class=\"wp-block-gallery has-nested-images columns-default is-cropped wp-block-gallery-1 is-layout-flex wp-block-gallery-is-layout-flex\">\n<figure class=\"wp-block-image size-large\"><a href=\"https:\/\/carscollection.com\/wp-content\/uploads\/2026\/09\/4206DAE4-23BE-4A24-BF64-B36EDF487B77_1_201_a-1024x576.jpg\"><img loading=\"lazy\" decoding=\"async\" width=\"1024\" height=\"576\" data-id=\"259386\" src=\"https:\/\/carscollection.com\/wp-content\/uploads\/2026\/09\/4206DAE4-23BE-4A24-BF64-B36EDF487B77_1_201_a-1024x576.jpg\" alt=\"The Quail 2026!\" class=\"wp-image-259386\" srcset=\"https:\/\/carscollection.com\/wp-content\/uploads\/2026\/09\/4206DAE4-23BE-4A24-BF64-B36EDF487B77_1_201_a-1024x576.jpg 1024w, https:\/\/carscollection.com\/wp-content\/uploads\/2026\/09\/4206DAE4-23BE-4A24-BF64-B36EDF487B77_1_201_a-300x169.jpg 300w, https:\/\/carscollection.com\/wp-content\/uploads\/2026\/09\/4206DAE4-23BE-4A24-BF64-B36EDF487B77_1_201_a-768x432.jpg 768w, https:\/\/carscollection.com\/wp-content\/uploads\/2026\/09\/4206DAE4-23BE-4A24-BF64-B36EDF487B77_1_201_a-1536x864.jpg 1536w, https:\/\/carscollection.com\/wp-content\/uploads\/2026\/09\/4206DAE4-23BE-4A24-BF64-B36EDF487B77_1_201_a-2048x1152.jpg 2048w, https:\/\/carscollection.com\/wp-content\/uploads\/2026\/09\/4206DAE4-23BE-4A24-BF64-B36EDF487B77_1_201_a-18x10.jpg 18w\" sizes=\"auto, (max-width: 1024px) 100vw, 1024px\" \/><\/a><\/figure>\n<\/figure>\n\n\n\n<h2 id=\"h-biltillverkarnas-egna-hus-under-monterey-car-week-2026\" class=\"wp-block-heading\">Car manufacturers' own houses during Monterey Car Week 2026<\/h2>\n\n\n\n<p class=\"wp-block-paragraph\">Another thing I hadn't understood before I came to Monterey was how much of the week takes place outside the official events. Several of the world's largest and most exclusive car manufacturers rent houses and villas in the area during the week. There, they host customers, collectors, media and specially invited guests and showcase their latest models in much more private settings.<\/p>\n\n\n\n<p class=\"wp-block-paragraph\">The day before, on the Thursday, I had been allowed to come to <a href=\"https:\/\/zenvoautomotive.com\">Zenvos<\/a> house, which I told you about in <a href=\"https:\/\/carscollection.com\/monterey-car-week-2026\/\">the first part of Monterey Car Week<\/a> 2026. There I got to see, among other things, Aurora up close, with the new 6.6-litre quad-turbocharged Mj\u00f8lner V12 and a total system output of up to 1,850 horsepower. The visit had given me a first insight into the part of the week that is not as visible to the ordinary visitor.<\/p>\n\n\n\n<p class=\"wp-block-paragraph\">And on Thursday, yet another unexpected invitation arrived.<\/p>\n\n\n\n<figure class=\"wp-block-gallery has-nested-images columns-default is-cropped wp-block-gallery-2 is-layout-flex wp-block-gallery-is-layout-flex\">\n<figure class=\"wp-block-image size-large\"><a href=\"https:\/\/carscollection.com\/wp-content\/uploads\/2026\/08\/0S4A3676.jpg\"><img loading=\"lazy\" decoding=\"async\" width=\"1024\" height=\"683\" data-id=\"259257\" src=\"https:\/\/carscollection.com\/wp-content\/uploads\/2026\/08\/0S4A3676.jpg\" alt=\"Zenvo Aurora at the Zenvo house during Monterey Car Week 2026\" class=\"wp-image-259257\" srcset=\"https:\/\/carscollection.com\/wp-content\/uploads\/2026\/08\/0S4A3676.jpg 1908w, https:\/\/carscollection.com\/wp-content\/uploads\/2026\/08\/0S4A3676-300x200.jpg 300w, https:\/\/carscollection.com\/wp-content\/uploads\/2026\/08\/0S4A3676-1024x683.jpg 1024w, https:\/\/carscollection.com\/wp-content\/uploads\/2026\/08\/0S4A3676-768x512.jpg 768w, https:\/\/carscollection.com\/wp-content\/uploads\/2026\/08\/0S4A3676-1536x1024.jpg 1536w, https:\/\/carscollection.com\/wp-content\/uploads\/2026\/08\/0S4A3676-18x12.jpg 18w\" sizes=\"auto, (max-width: 1024px) 100vw, 1024px\" \/><\/a><\/figure>\n<\/figure>\n\n\n\n<h2 id=\"h-en-ovantad-inbjudan-fran-koenigsegg\" class=\"wp-block-heading\">An unexpected invitation from <a href=\"https:\/\/www.koenigsegg.com\/home\">Koenigsegg<\/a><\/h2>\n\n\n\n<p class=\"wp-block-paragraph\">On Thursday, I received a text message from Halld\u00f3ra von Koenigsegg. She told me she could put me on Koenigsegg's guest list for both Friday and Saturday. Thursday night, however, was exclusively for customers and specially invited international media. It was also that night that Koenigsegg presented the new CCGT1 in-house. Among those present was Supercar Blondie, which gave a pretty clear picture of the kind of international attention the presentation received.<\/p>\n\n\n\n<p class=\"wp-block-paragraph\">For me, it meant that I could get there the day after and see the car up close. I had already written off The Quail, so the opportunity to visit Koenigsegg instead and see one of the week's major news stories felt like a fantastic substitute. The plan for Friday was therefore set. I was going to Koenigsegg's house.<\/p>\n\n\n\n<h2 id=\"h-ett-helt-tomt-koenigsegg-hus\" class=\"wp-block-heading\">A completely empty Koenigsegg pavilion<\/h2>\n\n\n\n<p class=\"wp-block-paragraph\">When I arrived on Friday morning, however, things did not turn out quite as I had planned. The house was completely empty. Had it not been for the Koenigsegg shield above the entrance and the large white ghost logo in front of the house, I could almost have believed that I had gone to the wrong address.<\/p>\n\n\n\n<p class=\"wp-block-paragraph\">The explanation was actually fairly obvious. The whole Koenigsegg gang was at The Quail, where they were showing off the CCGT1. The car I had hoped to see in the house was therefore at an event that I myself had not managed to get accreditation for.<\/p>\n\n\n\n<p class=\"wp-block-paragraph\">It was therefore with a certain melancholy that I got into the car and started to drive away. I had come all the way to the USA and actually received an invitation to Koenigsegg's house in Monterey, but both the people and the car I had come there to meet and see were somewhere completely different. And it was right then that my phone pinged.<\/p>\n\n\n\n<figure class=\"wp-block-gallery has-nested-images columns-default is-cropped wp-block-gallery-3 is-layout-flex wp-block-gallery-is-layout-flex\">\n<figure class=\"wp-block-image size-large\"><a href=\"https:\/\/carscollection.com\/wp-content\/uploads\/2026\/09\/IMG_4700-1024x1024.jpg\"><img loading=\"lazy\" decoding=\"async\" width=\"1024\" height=\"1024\" data-id=\"259307\" src=\"https:\/\/carscollection.com\/wp-content\/uploads\/2026\/09\/IMG_4700-1024x1024.jpg\" alt=\"Koenigsegg House during Monterey Car Week 2026\" class=\"wp-image-259307\" srcset=\"https:\/\/carscollection.com\/wp-content\/uploads\/2026\/09\/IMG_4700-1024x1024.jpg 1024w, https:\/\/carscollection.com\/wp-content\/uploads\/2026\/09\/IMG_4700-300x300.jpg 300w, https:\/\/carscollection.com\/wp-content\/uploads\/2026\/09\/IMG_4700-150x150.jpg 150w, https:\/\/carscollection.com\/wp-content\/uploads\/2026\/09\/IMG_4700-768x768.jpg 768w, https:\/\/carscollection.com\/wp-content\/uploads\/2026\/09\/IMG_4700-1536x1536.jpg 1536w, https:\/\/carscollection.com\/wp-content\/uploads\/2026\/09\/IMG_4700-2048x2048.jpg 2048w, https:\/\/carscollection.com\/wp-content\/uploads\/2026\/09\/IMG_4700-12x12.jpg 12w\" sizes=\"auto, (max-width: 1024px) 100vw, 1024px\" \/><\/a><\/figure>\n<\/figure>\n\n\n\n<h2 id=\"h-ett-mejl-forandrade-hela-dagen\" class=\"wp-block-heading\">One email changed the whole day<\/h2>\n\n\n\n<p class=\"wp-block-paragraph\">The time was 10.30. The email came from The Quail. An extra press accreditation had become available. And it was mine. Suddenly, the car I had just missed was no longer behind the gates of an event I couldn't get into. I could go there. Friday had changed again.<\/p>\n\n\n\n<h2 id=\"h-the-quail-under-monterey-car-week\" class=\"wp-block-heading\">The Quail during Monterey Car Week<\/h2>\n\n\n\n<p class=\"wp-block-paragraph\">A few hours later, I stood inside the gates of The Quail, A Motorsports Gathering. Since the confirmation of my accreditation didn't arrive until 10.30, I wasn't on-site until around lunchtime and had already missed some of the morning's presentations. Among other things, I missed <a href=\"https:\/\/www.cadillac.com\/concept-vehicles\/exhilaration?srsltid=AfmBOop0PeaMXvsGJ7RLiv65PQl3VWcJpzyakPOcg9ysPOEk9D3xqLXP\">Cadillac V-ONE Concept<\/a> and the presentation from<a href=\"https:\/\/singervehicledesign.com\/press\/louis-vuitton-takes-the-road-with-singer\/\"> Singer and Louis Vuitton<\/a>. But it also says something about The Quail. So much happens here during just a few hours that it is almost impossible to keep up with everything.<\/p>\n\n\n\n<p class=\"wp-block-paragraph\">It is difficult to compare The Quail with an ordinary car show. Historic racing cars and some of the world's most sought-after collector cars stand side by side with brand new hypercars, concept cars and world premieres. Among other things, there were <a href=\"https:\/\/toyotagazooracing.com\/gr\/grgt\/wp\/\">Toyota GR GT <\/a>and <a href=\"https:\/\/www.kimera-automobili.com\">Kimera K39<\/a>, the extreme modern interpretation of the Lancia Beta Montecarlo. Everywhere there was something new or historic to discover and it was hard to know which way to start.<\/p>\n\n\n\n<figure class=\"wp-block-gallery has-nested-images columns-default is-cropped wp-block-gallery-4 is-layout-flex wp-block-gallery-is-layout-flex\">\n<figure class=\"wp-block-image size-large\"><a href=\"https:\/\/carscollection.com\/wp-content\/uploads\/2026\/09\/IMG_4741-576x1024.jpg\"><img loading=\"lazy\" decoding=\"async\" width=\"576\" height=\"1024\" data-id=\"259319\" src=\"https:\/\/carscollection.com\/wp-content\/uploads\/2026\/09\/IMG_4741-576x1024.jpg\" alt=\"Toyota GR GT at The Quail during Monterey Car Week 2026\" class=\"wp-image-259319\" srcset=\"https:\/\/carscollection.com\/wp-content\/uploads\/2026\/09\/IMG_4741-576x1024.jpg 576w, https:\/\/carscollection.com\/wp-content\/uploads\/2026\/09\/IMG_4741-169x300.jpg 169w, https:\/\/carscollection.com\/wp-content\/uploads\/2026\/09\/IMG_4741-768x1365.jpg 768w, https:\/\/carscollection.com\/wp-content\/uploads\/2026\/09\/IMG_4741-864x1536.jpg 864w, https:\/\/carscollection.com\/wp-content\/uploads\/2026\/09\/IMG_4741-1152x2048.jpg 1152w, https:\/\/carscollection.com\/wp-content\/uploads\/2026\/09\/IMG_4741-7x12.jpg 7w, https:\/\/carscollection.com\/wp-content\/uploads\/2026\/09\/IMG_4741-scaled.jpg 1440w\" sizes=\"auto, (max-width: 576px) 100vw, 576px\" \/><\/a><\/figure>\n\n\n\n<figure class=\"wp-block-image size-large\"><a href=\"https:\/\/carscollection.com\/wp-content\/uploads\/2026\/09\/IMG_4739-576x1024.jpg\"><img loading=\"lazy\" decoding=\"async\" width=\"576\" height=\"1024\" data-id=\"259318\" src=\"https:\/\/carscollection.com\/wp-content\/uploads\/2026\/09\/IMG_4739-576x1024.jpg\" alt=\"Toyota GR GT at The Quail during Monterey Car Week 2026\" class=\"wp-image-259318\" srcset=\"https:\/\/carscollection.com\/wp-content\/uploads\/2026\/09\/IMG_4739-576x1024.jpg 576w, https:\/\/carscollection.com\/wp-content\/uploads\/2026\/09\/IMG_4739-169x300.jpg 169w, https:\/\/carscollection.com\/wp-content\/uploads\/2026\/09\/IMG_4739-768x1366.jpg 768w, https:\/\/carscollection.com\/wp-content\/uploads\/2026\/09\/IMG_4739-864x1536.jpg 864w, https:\/\/carscollection.com\/wp-content\/uploads\/2026\/09\/IMG_4739-1152x2048.jpg 1152w, https:\/\/carscollection.com\/wp-content\/uploads\/2026\/09\/IMG_4739-7x12.jpg 7w, https:\/\/carscollection.com\/wp-content\/uploads\/2026\/09\/IMG_4739-scaled.jpg 1440w\" sizes=\"auto, (max-width: 576px) 100vw, 576px\" \/><\/a><\/figure>\n\n\n\n<figure class=\"wp-block-image size-large\"><a href=\"https:\/\/carscollection.com\/wp-content\/uploads\/2026\/09\/IMG_4733-576x1024.jpg\"><img loading=\"lazy\" decoding=\"async\" width=\"576\" height=\"1024\" data-id=\"259315\" src=\"https:\/\/carscollection.com\/wp-content\/uploads\/2026\/09\/IMG_4733-576x1024.jpg\" alt=\"Kimera K39 at The Quail during Monterey Car Week 2026\" class=\"wp-image-259315\" srcset=\"https:\/\/carscollection.com\/wp-content\/uploads\/2026\/09\/IMG_4733-576x1024.jpg 576w, https:\/\/carscollection.com\/wp-content\/uploads\/2026\/09\/IMG_4733-169x300.jpg 169w, https:\/\/carscollection.com\/wp-content\/uploads\/2026\/09\/IMG_4733-768x1365.jpg 768w, https:\/\/carscollection.com\/wp-content\/uploads\/2026\/09\/IMG_4733-864x1536.jpg 864w, https:\/\/carscollection.com\/wp-content\/uploads\/2026\/09\/IMG_4733-1152x2048.jpg 1152w, https:\/\/carscollection.com\/wp-content\/uploads\/2026\/09\/IMG_4733-7x12.jpg 7w, https:\/\/carscollection.com\/wp-content\/uploads\/2026\/09\/IMG_4733-scaled.jpg 1440w\" sizes=\"auto, (max-width: 576px) 100vw, 576px\" \/><\/a><\/figure>\n\n\n\n<figure class=\"wp-block-image size-large\"><a href=\"https:\/\/carscollection.com\/wp-content\/uploads\/2026\/09\/0S4A3696-1024x683.jpg\"><img loading=\"lazy\" decoding=\"async\" width=\"1024\" height=\"683\" data-id=\"259291\" src=\"https:\/\/carscollection.com\/wp-content\/uploads\/2026\/09\/0S4A3696-1024x683.jpg\" alt=\"Kimera EVO37 and K39 at The Quail during Monterey Car Week 2026\" class=\"wp-image-259291\" srcset=\"https:\/\/carscollection.com\/wp-content\/uploads\/2026\/09\/0S4A3696-1024x683.jpg 1024w, https:\/\/carscollection.com\/wp-content\/uploads\/2026\/09\/0S4A3696-300x200.jpg 300w, https:\/\/carscollection.com\/wp-content\/uploads\/2026\/09\/0S4A3696-768x512.jpg 768w, https:\/\/carscollection.com\/wp-content\/uploads\/2026\/09\/0S4A3696-1536x1024.jpg 1536w, https:\/\/carscollection.com\/wp-content\/uploads\/2026\/09\/0S4A3696-18x12.jpg 18w, https:\/\/carscollection.com\/wp-content\/uploads\/2026\/09\/0S4A3696.jpg 1966w\" sizes=\"auto, (max-width: 1024px) 100vw, 1024px\" \/><\/a><\/figure>\n<\/figure>\n\n\n\n<p class=\"wp-block-paragraph\">And there it stood, the Koenigsegg CCGT1, the car I had only a few hours earlier hoped to see in Koenigsegg's facility. The name dates back to the CCGT, the race car built for GT1 racing that never got the chance to race when the regulations changed. The new CCGT1 is a modern and road-legal interpretation based on the CC850. The twin-turbocharged V8 delivers 1,280 horsepower on standard petrol and a staggering 1,600 on E85.<\/p>\n\n\n\n<figure class=\"wp-block-gallery has-nested-images columns-default is-cropped wp-block-gallery-5 is-layout-flex wp-block-gallery-is-layout-flex\">\n<figure class=\"wp-block-image size-large\"><a href=\"https:\/\/carscollection.com\/wp-content\/uploads\/2026\/09\/0S4A3687-683x1024.jpg\"><img loading=\"lazy\" decoding=\"async\" width=\"683\" height=\"1024\" data-id=\"259289\" src=\"https:\/\/carscollection.com\/wp-content\/uploads\/2026\/09\/0S4A3687-683x1024.jpg\" alt=\"Koenigsegg CCGT1 at The Quail during Monterey Car Week 2026\" class=\"wp-image-259289\" srcset=\"https:\/\/carscollection.com\/wp-content\/uploads\/2026\/09\/0S4A3687-683x1024.jpg 683w, https:\/\/carscollection.com\/wp-content\/uploads\/2026\/09\/0S4A3687-200x300.jpg 200w, https:\/\/carscollection.com\/wp-content\/uploads\/2026\/09\/0S4A3687-768x1151.jpg 768w, https:\/\/carscollection.com\/wp-content\/uploads\/2026\/09\/0S4A3687-1025x1536.jpg 1025w, https:\/\/carscollection.com\/wp-content\/uploads\/2026\/09\/0S4A3687-8x12.jpg 8w, https:\/\/carscollection.com\/wp-content\/uploads\/2026\/09\/0S4A3687.jpg 1283w\" sizes=\"auto, (max-width: 683px) 100vw, 683px\" \/><\/a><\/figure>\n\n\n\n<figure class=\"wp-block-image size-large\"><a href=\"https:\/\/carscollection.com\/wp-content\/uploads\/2026\/09\/IMG_4731-576x1024.jpg\"><img loading=\"lazy\" decoding=\"async\" width=\"576\" height=\"1024\" data-id=\"259314\" src=\"https:\/\/carscollection.com\/wp-content\/uploads\/2026\/09\/IMG_4731-576x1024.jpg\" alt=\"Koenigsegg CCGT1 at The Quail during Monterey Car Week 2026\" class=\"wp-image-259314\" srcset=\"https:\/\/carscollection.com\/wp-content\/uploads\/2026\/09\/IMG_4731-576x1024.jpg 576w, https:\/\/carscollection.com\/wp-content\/uploads\/2026\/09\/IMG_4731-169x300.jpg 169w, https:\/\/carscollection.com\/wp-content\/uploads\/2026\/09\/IMG_4731-768x1365.jpg 768w, https:\/\/carscollection.com\/wp-content\/uploads\/2026\/09\/IMG_4731-864x1536.jpg 864w, https:\/\/carscollection.com\/wp-content\/uploads\/2026\/09\/IMG_4731-1152x2048.jpg 1152w, https:\/\/carscollection.com\/wp-content\/uploads\/2026\/09\/IMG_4731-7x12.jpg 7w, https:\/\/carscollection.com\/wp-content\/uploads\/2026\/09\/IMG_4731-scaled.jpg 1440w\" sizes=\"auto, (max-width: 576px) 100vw, 576px\" \/><\/a><\/figure>\n\n\n\n<figure class=\"wp-block-image size-large\"><a href=\"https:\/\/carscollection.com\/wp-content\/uploads\/2026\/09\/0S4A3685-683x1024.jpg\"><img loading=\"lazy\" decoding=\"async\" width=\"683\" height=\"1024\" data-id=\"259288\" src=\"https:\/\/carscollection.com\/wp-content\/uploads\/2026\/09\/0S4A3685-683x1024.jpg\" alt=\"Koenigsegg CCGT1 at The Quail during Monterey Car Week 2026\" class=\"wp-image-259288\" srcset=\"https:\/\/carscollection.com\/wp-content\/uploads\/2026\/09\/0S4A3685-683x1024.jpg 683w, https:\/\/carscollection.com\/wp-content\/uploads\/2026\/09\/0S4A3685-200x300.jpg 200w, https:\/\/carscollection.com\/wp-content\/uploads\/2026\/09\/0S4A3685-768x1152.jpg 768w, https:\/\/carscollection.com\/wp-content\/uploads\/2026\/09\/0S4A3685-1024x1536.jpg 1024w, https:\/\/carscollection.com\/wp-content\/uploads\/2026\/09\/0S4A3685-8x12.jpg 8w, https:\/\/carscollection.com\/wp-content\/uploads\/2026\/09\/0S4A3685.jpg 1311w\" sizes=\"auto, (max-width: 683px) 100vw, 683px\" \/><\/a><\/figure>\n<\/figure>\n\n\n\n<p class=\"wp-block-paragraph\">In front of CCGT1 stood <a href=\"https:\/\/www.instagram.com\/dylan.jacob\/\">Dylan's<\/a> spectacular purple Koenigsegg Jesko, Hydra. The combination of the deep purple paintwork and the exposed carbon fibre details meant it was hardly possible to miss, even in a house full of Koenigsegg models.<\/p>\n\n\n\n<figure class=\"wp-block-image size-large\"><img loading=\"lazy\" decoding=\"async\" width=\"1024\" height=\"683\" src=\"https:\/\/carscollection.com\/wp-content\/uploads\/2026\/09\/0S4A3693-1024x683.jpg\" alt=\"Koenigsegg Sadair\u2019s Spear and CCGT1 during Monterey Car Week 2026\" class=\"wp-image-259290\" srcset=\"https:\/\/carscollection.com\/wp-content\/uploads\/2026\/09\/0S4A3693-1024x683.jpg 1024w, https:\/\/carscollection.com\/wp-content\/uploads\/2026\/09\/0S4A3693-300x200.jpg 300w, https:\/\/carscollection.com\/wp-content\/uploads\/2026\/09\/0S4A3693-768x513.jpg 768w, https:\/\/carscollection.com\/wp-content\/uploads\/2026\/09\/0S4A3693-1536x1025.jpg 1536w, https:\/\/carscollection.com\/wp-content\/uploads\/2026\/09\/0S4A3693-18x12.jpg 18w, https:\/\/carscollection.com\/wp-content\/uploads\/2026\/09\/0S4A3693.jpg 1867w\" sizes=\"auto, (max-width: 1024px) 100vw, 1024px\" \/><\/figure>\n\n\n\n<figure class=\"wp-block-gallery has-nested-images columns-default is-cropped wp-block-gallery-6 is-layout-flex wp-block-gallery-is-layout-flex\"><\/figure>\n\n\n\n<p class=\"wp-block-paragraph\">But the CCGT1 was far from the only new release during Monterey Car Week 2026. <a href=\"https:\/\/www.bugatti.com\/en\/solitaire\/destrier\">Bugatti Destrier<\/a>, the third car from Programme Solitaire, was shown as a unique one-off with 1,600 horsepower. <a href=\"https:\/\/www.hennesseyspecialvehicles.com\/blackbird\/\">Hennessey Blackbird<\/a> went in the opposite direction with rear-wheel drive, a naturally aspirated engine and a manual gearbox. There stood also <a href=\"https:\/\/www.lamborghini.com\/en-en\/models\/revuelto-models\/revuelto-sv\">Lamborghini Revuelto SV<\/a>, which combined its 6.5-litre V12 with three electric motors for a total of 1,065 horsepower. I would also have reason to return to that car the very next day, as I was invited to Lamborghini's own house in Monterey.<\/p>\n\n\n\n<figure class=\"wp-block-gallery has-nested-images columns-default is-cropped wp-block-gallery-7 is-layout-flex wp-block-gallery-is-layout-flex\">\n<figure class=\"wp-block-image size-large\"><a href=\"https:\/\/carscollection.com\/wp-content\/uploads\/2026\/09\/0S4A3712-1024x683.jpg\"><img loading=\"lazy\" decoding=\"async\" width=\"1024\" height=\"683\" data-id=\"259296\" src=\"https:\/\/carscollection.com\/wp-content\/uploads\/2026\/09\/0S4A3712-1024x683.jpg\" alt=\"Bugatti Destrier\" class=\"wp-image-259296\" srcset=\"https:\/\/carscollection.com\/wp-content\/uploads\/2026\/09\/0S4A3712-1024x683.jpg 1024w, https:\/\/carscollection.com\/wp-content\/uploads\/2026\/09\/0S4A3712-300x200.jpg 300w, https:\/\/carscollection.com\/wp-content\/uploads\/2026\/09\/0S4A3712-768x512.jpg 768w, https:\/\/carscollection.com\/wp-content\/uploads\/2026\/09\/0S4A3712-1536x1024.jpg 1536w, https:\/\/carscollection.com\/wp-content\/uploads\/2026\/09\/0S4A3712-18x12.jpg 18w, https:\/\/carscollection.com\/wp-content\/uploads\/2026\/09\/0S4A3712.jpg 1944w\" sizes=\"auto, (max-width: 1024px) 100vw, 1024px\" \/><\/a><\/figure>\n\n\n\n<figure class=\"wp-block-image size-large\"><a href=\"https:\/\/carscollection.com\/wp-content\/uploads\/2026\/09\/0S4A3718-1-1024x683.jpg\"><img loading=\"lazy\" decoding=\"async\" width=\"1024\" height=\"683\" data-id=\"259360\" src=\"https:\/\/carscollection.com\/wp-content\/uploads\/2026\/09\/0S4A3718-1-1024x683.jpg\" alt=\"Bugatti Destrier\" class=\"wp-image-259360\" srcset=\"https:\/\/carscollection.com\/wp-content\/uploads\/2026\/09\/0S4A3718-1-1024x683.jpg 1024w, https:\/\/carscollection.com\/wp-content\/uploads\/2026\/09\/0S4A3718-1-300x200.jpg 300w, https:\/\/carscollection.com\/wp-content\/uploads\/2026\/09\/0S4A3718-1-768x513.jpg 768w, https:\/\/carscollection.com\/wp-content\/uploads\/2026\/09\/0S4A3718-1-18x12.jpg 18w, https:\/\/carscollection.com\/wp-content\/uploads\/2026\/09\/0S4A3718-1.jpg 1311w\" sizes=\"auto, (max-width: 1024px) 100vw, 1024px\" \/><\/a><\/figure>\n\n\n\n<figure class=\"wp-block-image size-large\"><a href=\"https:\/\/carscollection.com\/wp-content\/uploads\/2026\/09\/0S4A3726-1024x683.jpg\"><img loading=\"lazy\" decoding=\"async\" width=\"1024\" height=\"683\" data-id=\"259299\" src=\"https:\/\/carscollection.com\/wp-content\/uploads\/2026\/09\/0S4A3726-1024x683.jpg\" alt=\"Hennessey Blackbird\" class=\"wp-image-259299\" srcset=\"https:\/\/carscollection.com\/wp-content\/uploads\/2026\/09\/0S4A3726-1024x683.jpg 1024w, https:\/\/carscollection.com\/wp-content\/uploads\/2026\/09\/0S4A3726-300x200.jpg 300w, https:\/\/carscollection.com\/wp-content\/uploads\/2026\/09\/0S4A3726-768x512.jpg 768w, https:\/\/carscollection.com\/wp-content\/uploads\/2026\/09\/0S4A3726-1536x1024.jpg 1536w, https:\/\/carscollection.com\/wp-content\/uploads\/2026\/09\/0S4A3726-18x12.jpg 18w, https:\/\/carscollection.com\/wp-content\/uploads\/2026\/09\/0S4A3726.jpg 1966w\" sizes=\"auto, (max-width: 1024px) 100vw, 1024px\" \/><\/a><\/figure>\n\n\n\n<figure class=\"wp-block-image size-large\"><a href=\"https:\/\/carscollection.com\/wp-content\/uploads\/2026\/09\/0S4A3753-1024x683.jpg\"><img loading=\"lazy\" decoding=\"async\" width=\"1024\" height=\"683\" data-id=\"259306\" src=\"https:\/\/carscollection.com\/wp-content\/uploads\/2026\/09\/0S4A3753-1024x683.jpg\" alt=\"Lamborghini Revuelto SV\" class=\"wp-image-259306\" srcset=\"https:\/\/carscollection.com\/wp-content\/uploads\/2026\/09\/0S4A3753-1024x683.jpg 1024w, https:\/\/carscollection.com\/wp-content\/uploads\/2026\/09\/0S4A3753-300x200.jpg 300w, https:\/\/carscollection.com\/wp-content\/uploads\/2026\/09\/0S4A3753-768x512.jpg 768w, https:\/\/carscollection.com\/wp-content\/uploads\/2026\/09\/0S4A3753-1536x1024.jpg 1536w, https:\/\/carscollection.com\/wp-content\/uploads\/2026\/09\/0S4A3753-18x12.jpg 18w, https:\/\/carscollection.com\/wp-content\/uploads\/2026\/09\/0S4A3753.jpg 1944w\" sizes=\"auto, (max-width: 1024px) 100vw, 1024px\" \/><\/a><\/figure>\n\n\n\n<figure class=\"wp-block-image size-large\"><a href=\"https:\/\/carscollection.com\/wp-content\/uploads\/2026\/09\/0S4A3745-1024x683.jpg\"><img loading=\"lazy\" decoding=\"async\" width=\"1024\" height=\"683\" data-id=\"259305\" src=\"https:\/\/carscollection.com\/wp-content\/uploads\/2026\/09\/0S4A3745-1024x683.jpg\" alt=\"Lamborghini Revuelto SV and Stephan Winkelmann\" class=\"wp-image-259305\" srcset=\"https:\/\/carscollection.com\/wp-content\/uploads\/2026\/09\/0S4A3745-1024x683.jpg 1024w, https:\/\/carscollection.com\/wp-content\/uploads\/2026\/09\/0S4A3745-300x200.jpg 300w, https:\/\/carscollection.com\/wp-content\/uploads\/2026\/09\/0S4A3745-768x512.jpg 768w, https:\/\/carscollection.com\/wp-content\/uploads\/2026\/09\/0S4A3745-1536x1025.jpg 1536w, https:\/\/carscollection.com\/wp-content\/uploads\/2026\/09\/0S4A3745-18x12.jpg 18w, https:\/\/carscollection.com\/wp-content\/uploads\/2026\/09\/0S4A3745.jpg 1893w\" sizes=\"auto, (max-width: 1024px) 100vw, 1024px\" \/><\/a><\/figure>\n<\/figure>\n\n\n\n<p class=\"wp-block-paragraph\">There was also <a href=\"https:\/\/www.audi.com\/en\/audi-nuvolari-18014\">Audi Nuvolari<\/a>, which showed a new direction for Audi after the R8, and <a href=\"https:\/\/www.gordonmurray.com\">Gordon Murray Special Vehicles S1<\/a>, with a high-revving Cosworth V12 and six-speed manual gearbox. American <a href=\"https:\/\/www.czinger.com\">Czinger 21C Spyder<\/a>, <a href=\"https:\/\/www.acura.com\/future-vehicles\/nexera-vision\">Acura NEXERA Vision<\/a> and new <a href=\"https:\/\/www.brabus.com\/en-cy\/cars\/supercars\/brabus-bodo-cabriolet.html\">Brabus BODO Cabriolet<\/a> Here are a few more of the cars that made it difficult to know which way to look.<\/p>\n\n\n\n<figure class=\"wp-block-gallery has-nested-images columns-default is-cropped wp-block-gallery-8 is-layout-flex wp-block-gallery-is-layout-flex\">\n<figure class=\"wp-block-image size-large\"><a href=\"https:\/\/carscollection.com\/wp-content\/uploads\/2026\/09\/0S4A3707-1024x683.jpg\"><img loading=\"lazy\" decoding=\"async\" width=\"1024\" height=\"683\" data-id=\"259295\" src=\"https:\/\/carscollection.com\/wp-content\/uploads\/2026\/09\/0S4A3707-1024x683.jpg\" alt=\"Audi Nuvolari\" class=\"wp-image-259295\" srcset=\"https:\/\/carscollection.com\/wp-content\/uploads\/2026\/09\/0S4A3707-1024x683.jpg 1024w, https:\/\/carscollection.com\/wp-content\/uploads\/2026\/09\/0S4A3707-300x200.jpg 300w, https:\/\/carscollection.com\/wp-content\/uploads\/2026\/09\/0S4A3707-768x512.jpg 768w, https:\/\/carscollection.com\/wp-content\/uploads\/2026\/09\/0S4A3707-1536x1025.jpg 1536w, https:\/\/carscollection.com\/wp-content\/uploads\/2026\/09\/0S4A3707-18x12.jpg 18w, https:\/\/carscollection.com\/wp-content\/uploads\/2026\/09\/0S4A3707.jpg 1919w\" sizes=\"auto, (max-width: 1024px) 100vw, 1024px\" \/><\/a><\/figure>\n\n\n\n<figure class=\"wp-block-image size-large\"><a href=\"https:\/\/carscollection.com\/wp-content\/uploads\/2026\/09\/0S4A3732-1024x683.jpg\"><img loading=\"lazy\" decoding=\"async\" width=\"1024\" height=\"683\" data-id=\"259300\" src=\"https:\/\/carscollection.com\/wp-content\/uploads\/2026\/09\/0S4A3732-1024x683.jpg\" alt=\"Gordon Murray Special Vehicles S1\" class=\"wp-image-259300\" srcset=\"https:\/\/carscollection.com\/wp-content\/uploads\/2026\/09\/0S4A3732-1024x683.jpg 1024w, https:\/\/carscollection.com\/wp-content\/uploads\/2026\/09\/0S4A3732-300x200.jpg 300w, https:\/\/carscollection.com\/wp-content\/uploads\/2026\/09\/0S4A3732-768x512.jpg 768w, https:\/\/carscollection.com\/wp-content\/uploads\/2026\/09\/0S4A3732-1536x1025.jpg 1536w, https:\/\/carscollection.com\/wp-content\/uploads\/2026\/09\/0S4A3732-18x12.jpg 18w, https:\/\/carscollection.com\/wp-content\/uploads\/2026\/09\/0S4A3732.jpg 1899w\" sizes=\"auto, (max-width: 1024px) 100vw, 1024px\" \/><\/a><\/figure>\n\n\n\n<figure class=\"wp-block-image size-large\"><a href=\"https:\/\/carscollection.com\/wp-content\/uploads\/2026\/09\/0S4A3738-1024x683.jpg\"><img loading=\"lazy\" decoding=\"async\" width=\"1024\" height=\"683\" data-id=\"259304\" src=\"https:\/\/carscollection.com\/wp-content\/uploads\/2026\/09\/0S4A3738-1024x683.jpg\" alt=\"Czinger 21C Spyder\" class=\"wp-image-259304\" srcset=\"https:\/\/carscollection.com\/wp-content\/uploads\/2026\/09\/0S4A3738-1024x683.jpg 1024w, https:\/\/carscollection.com\/wp-content\/uploads\/2026\/09\/0S4A3738-300x200.jpg 300w, https:\/\/carscollection.com\/wp-content\/uploads\/2026\/09\/0S4A3738-768x512.jpg 768w, https:\/\/carscollection.com\/wp-content\/uploads\/2026\/09\/0S4A3738-1536x1024.jpg 1536w, https:\/\/carscollection.com\/wp-content\/uploads\/2026\/09\/0S4A3738-18x12.jpg 18w, https:\/\/carscollection.com\/wp-content\/uploads\/2026\/09\/0S4A3738.jpg 1758w\" sizes=\"auto, (max-width: 1024px) 100vw, 1024px\" \/><\/a><\/figure>\n\n\n\n<figure class=\"wp-block-image size-large\"><a href=\"https:\/\/carscollection.com\/wp-content\/uploads\/2026\/09\/IMG_4718-1-1024x683.jpg\"><img loading=\"lazy\" decoding=\"async\" width=\"1024\" height=\"683\" data-id=\"259336\" src=\"https:\/\/carscollection.com\/wp-content\/uploads\/2026\/09\/IMG_4718-1-1024x683.jpg\" alt=\"Acura NEXERA Vision\" class=\"wp-image-259336\" srcset=\"https:\/\/carscollection.com\/wp-content\/uploads\/2026\/09\/IMG_4718-1-1024x683.jpg 1024w, https:\/\/carscollection.com\/wp-content\/uploads\/2026\/09\/IMG_4718-1-300x200.jpg 300w, https:\/\/carscollection.com\/wp-content\/uploads\/2026\/09\/IMG_4718-1-768x512.jpg 768w, https:\/\/carscollection.com\/wp-content\/uploads\/2026\/09\/IMG_4718-1-1536x1025.jpg 1536w, https:\/\/carscollection.com\/wp-content\/uploads\/2026\/09\/IMG_4718-1-18x12.jpg 18w, https:\/\/carscollection.com\/wp-content\/uploads\/2026\/09\/IMG_4718-1.jpg 1899w\" sizes=\"auto, (max-width: 1024px) 100vw, 1024px\" \/><\/a><\/figure>\n\n\n\n<figure class=\"wp-block-image size-large\"><a href=\"https:\/\/carscollection.com\/wp-content\/uploads\/2026\/09\/0S4A3699-1024x683.jpg\"><img loading=\"lazy\" decoding=\"async\" width=\"1024\" height=\"683\" data-id=\"259292\" src=\"https:\/\/carscollection.com\/wp-content\/uploads\/2026\/09\/0S4A3699-1024x683.jpg\" alt=\"Brabus BODO and BODO Cabriolet\" class=\"wp-image-259292\" srcset=\"https:\/\/carscollection.com\/wp-content\/uploads\/2026\/09\/0S4A3699-1024x683.jpg 1024w, https:\/\/carscollection.com\/wp-content\/uploads\/2026\/09\/0S4A3699-300x200.jpg 300w, https:\/\/carscollection.com\/wp-content\/uploads\/2026\/09\/0S4A3699-768x512.jpg 768w, https:\/\/carscollection.com\/wp-content\/uploads\/2026\/09\/0S4A3699-1536x1024.jpg 1536w, https:\/\/carscollection.com\/wp-content\/uploads\/2026\/09\/0S4A3699-18x12.jpg 18w, https:\/\/carscollection.com\/wp-content\/uploads\/2026\/09\/0S4A3699.jpg 1966w\" sizes=\"auto, (max-width: 1024px) 100vw, 1024px\" \/><\/a><\/figure>\n<\/figure>\n\n\n\n<p class=\"wp-block-paragraph\">The Quail is just as much about automotive history. One of the cars I fell for was <a href=\"https:\/\/www.ferrari.com\/en-EN\/auto\/250-testa-rossa\">Ferrari 625\/250 Testarossa<\/a> from 1957, owned by the American collector Bruce Meyer. It turned out to be the exact right car to stop at. Later, it was named Rolex Best of Show, The Quail's highest accolade. The car won 11 races as early as 1957 and was later equipped with the 3.0-litre V12 engine from the Ferrari 250 Testa Rossa.<\/p>\n\n\n\n<figure class=\"wp-block-gallery has-nested-images columns-default is-cropped wp-block-gallery-9 is-layout-flex wp-block-gallery-is-layout-flex\">\n<figure class=\"wp-block-image size-large\"><a href=\"https:\/\/carscollection.com\/wp-content\/uploads\/2026\/09\/IMG_4787-576x1024.jpg\"><img loading=\"lazy\" decoding=\"async\" width=\"576\" height=\"1024\" data-id=\"259327\" src=\"https:\/\/carscollection.com\/wp-content\/uploads\/2026\/09\/IMG_4787-576x1024.jpg\" alt=\"Ferrari 625\/250 Testarossa\" class=\"wp-image-259327\" srcset=\"https:\/\/carscollection.com\/wp-content\/uploads\/2026\/09\/IMG_4787-576x1024.jpg 576w, https:\/\/carscollection.com\/wp-content\/uploads\/2026\/09\/IMG_4787-169x300.jpg 169w, https:\/\/carscollection.com\/wp-content\/uploads\/2026\/09\/IMG_4787-768x1365.jpg 768w, https:\/\/carscollection.com\/wp-content\/uploads\/2026\/09\/IMG_4787-864x1536.jpg 864w, https:\/\/carscollection.com\/wp-content\/uploads\/2026\/09\/IMG_4787-1152x2048.jpg 1152w, https:\/\/carscollection.com\/wp-content\/uploads\/2026\/09\/IMG_4787-7x12.jpg 7w, https:\/\/carscollection.com\/wp-content\/uploads\/2026\/09\/IMG_4787-scaled.jpg 1440w\" sizes=\"auto, (max-width: 576px) 100vw, 576px\" \/><\/a><\/figure>\n\n\n\n<figure class=\"wp-block-image size-large\"><a href=\"https:\/\/carscollection.com\/wp-content\/uploads\/2026\/09\/IMG_4789-576x1024.jpg\"><img loading=\"lazy\" decoding=\"async\" width=\"576\" height=\"1024\" data-id=\"259328\" src=\"https:\/\/carscollection.com\/wp-content\/uploads\/2026\/09\/IMG_4789-576x1024.jpg\" alt=\"Ferrari 625\/250 Testarossa\" class=\"wp-image-259328\" srcset=\"https:\/\/carscollection.com\/wp-content\/uploads\/2026\/09\/IMG_4789-576x1024.jpg 576w, https:\/\/carscollection.com\/wp-content\/uploads\/2026\/09\/IMG_4789-169x300.jpg 169w, https:\/\/carscollection.com\/wp-content\/uploads\/2026\/09\/IMG_4789-768x1365.jpg 768w, https:\/\/carscollection.com\/wp-content\/uploads\/2026\/09\/IMG_4789-864x1536.jpg 864w, https:\/\/carscollection.com\/wp-content\/uploads\/2026\/09\/IMG_4789-1152x2048.jpg 1152w, https:\/\/carscollection.com\/wp-content\/uploads\/2026\/09\/IMG_4789-7x12.jpg 7w, https:\/\/carscollection.com\/wp-content\/uploads\/2026\/09\/IMG_4789-scaled.jpg 1440w\" sizes=\"auto, (max-width: 576px) 100vw, 576px\" \/><\/a><\/figure>\n\n\n\n<figure class=\"wp-block-image size-large\"><a href=\"https:\/\/carscollection.com\/wp-content\/uploads\/2026\/09\/IMG_4790-576x1024.jpg\"><img loading=\"lazy\" decoding=\"async\" width=\"576\" height=\"1024\" data-id=\"259329\" src=\"https:\/\/carscollection.com\/wp-content\/uploads\/2026\/09\/IMG_4790-576x1024.jpg\" alt=\"Ferrari 625\/250 Testarossa\" class=\"wp-image-259329\" srcset=\"https:\/\/carscollection.com\/wp-content\/uploads\/2026\/09\/IMG_4790-576x1024.jpg 576w, https:\/\/carscollection.com\/wp-content\/uploads\/2026\/09\/IMG_4790-169x300.jpg 169w, https:\/\/carscollection.com\/wp-content\/uploads\/2026\/09\/IMG_4790-768x1365.jpg 768w, https:\/\/carscollection.com\/wp-content\/uploads\/2026\/09\/IMG_4790-864x1536.jpg 864w, https:\/\/carscollection.com\/wp-content\/uploads\/2026\/09\/IMG_4790-1152x2048.jpg 1152w, https:\/\/carscollection.com\/wp-content\/uploads\/2026\/09\/IMG_4790-7x12.jpg 7w, https:\/\/carscollection.com\/wp-content\/uploads\/2026\/09\/IMG_4790-scaled.jpg 1440w\" sizes=\"auto, (max-width: 576px) 100vw, 576px\" \/><\/a><\/figure>\n<\/figure>\n\n\n\n<p class=\"wp-block-paragraph\">And even then I've only scratched the surface. The Quail featured so many special cars and new releases that this article would have become far too long if I were to tell you about everything I saw. Some of them will therefore simply have to speak through the pictures instead.<\/p>\n\n\n\n<p class=\"wp-block-paragraph\">Perhaps it was the quantity that made the greatest impression. After a while, something rather strange happens. You begin to get used to it. A Ferrari F40 usually makes me stop in my tracks, but here they had gathered 14 <a href=\"https:\/\/www.ferrari.com\/en-EN\/auto\/f40\">Ferrari F40<\/a> and a whole 30 <a href=\"https:\/\/www.lamborghini.com\/de-en\/nachrichten\/lamborghini-diablos-30th-anniversary-with-cesare-cremonini\">Lamborghini Diablo<\/a>. After a few hours at The Quail, perspectives had simply shifted. That is perhaps what best summarises the experience: the extreme becomes normal.<\/p>\n\n\n\n<figure class=\"wp-block-gallery has-nested-images columns-default is-cropped wp-block-gallery-10 is-layout-flex wp-block-gallery-is-layout-flex\">\n<figure class=\"wp-block-image size-large\"><a href=\"https:\/\/carscollection.com\/wp-content\/uploads\/2026\/09\/0S4A3736-1024x683.jpg\"><img loading=\"lazy\" decoding=\"async\" width=\"1024\" height=\"683\" data-id=\"259303\" src=\"https:\/\/carscollection.com\/wp-content\/uploads\/2026\/09\/0S4A3736-1024x683.jpg\" alt=\"30 Lamborghini Diablos at The Quail during Monterey Car Week 2026\" class=\"wp-image-259303\" srcset=\"https:\/\/carscollection.com\/wp-content\/uploads\/2026\/09\/0S4A3736-1024x683.jpg 1024w, https:\/\/carscollection.com\/wp-content\/uploads\/2026\/09\/0S4A3736-300x200.jpg 300w, https:\/\/carscollection.com\/wp-content\/uploads\/2026\/09\/0S4A3736-768x512.jpg 768w, https:\/\/carscollection.com\/wp-content\/uploads\/2026\/09\/0S4A3736-1536x1024.jpg 1536w, https:\/\/carscollection.com\/wp-content\/uploads\/2026\/09\/0S4A3736-18x12.jpg 18w, https:\/\/carscollection.com\/wp-content\/uploads\/2026\/09\/0S4A3736.jpg 1905w\" sizes=\"auto, (max-width: 1024px) 100vw, 1024px\" \/><\/a><\/figure>\n\n\n\n<figure class=\"wp-block-image size-large\"><a href=\"https:\/\/carscollection.com\/wp-content\/uploads\/2026\/09\/0S4A3735-1024x683.jpg\"><img loading=\"lazy\" decoding=\"async\" width=\"1024\" height=\"683\" data-id=\"259302\" src=\"https:\/\/carscollection.com\/wp-content\/uploads\/2026\/09\/0S4A3735-1024x683.jpg\" alt=\"30 Lamborghini Diablos at The Quail during Monterey Car Week 2026\" class=\"wp-image-259302\" srcset=\"https:\/\/carscollection.com\/wp-content\/uploads\/2026\/09\/0S4A3735-1024x683.jpg 1024w, https:\/\/carscollection.com\/wp-content\/uploads\/2026\/09\/0S4A3735-300x200.jpg 300w, https:\/\/carscollection.com\/wp-content\/uploads\/2026\/09\/0S4A3735-768x512.jpg 768w, https:\/\/carscollection.com\/wp-content\/uploads\/2026\/09\/0S4A3735-1536x1024.jpg 1536w, https:\/\/carscollection.com\/wp-content\/uploads\/2026\/09\/0S4A3735-18x12.jpg 18w, https:\/\/carscollection.com\/wp-content\/uploads\/2026\/09\/0S4A3735.jpg 1966w\" sizes=\"auto, (max-width: 1024px) 100vw, 1024px\" \/><\/a><\/figure>\n\n\n\n<figure class=\"wp-block-image size-large\"><a href=\"https:\/\/carscollection.com\/wp-content\/uploads\/2026\/09\/0S4A3734-1024x683.jpg\"><img loading=\"lazy\" decoding=\"async\" width=\"1024\" height=\"683\" data-id=\"259301\" src=\"https:\/\/carscollection.com\/wp-content\/uploads\/2026\/09\/0S4A3734-1024x683.jpg\" alt=\"30 Lamborghini Diablos at The Quail during Monterey Car Week 2026\" class=\"wp-image-259301\" srcset=\"https:\/\/carscollection.com\/wp-content\/uploads\/2026\/09\/0S4A3734-1024x683.jpg 1024w, https:\/\/carscollection.com\/wp-content\/uploads\/2026\/09\/0S4A3734-300x200.jpg 300w, https:\/\/carscollection.com\/wp-content\/uploads\/2026\/09\/0S4A3734-768x512.jpg 768w, https:\/\/carscollection.com\/wp-content\/uploads\/2026\/09\/0S4A3734-1536x1024.jpg 1536w, https:\/\/carscollection.com\/wp-content\/uploads\/2026\/09\/0S4A3734-18x12.jpg 18w, https:\/\/carscollection.com\/wp-content\/uploads\/2026\/09\/0S4A3734.jpg 1966w\" sizes=\"auto, (max-width: 1024px) 100vw, 1024px\" \/><\/a><\/figure>\n\n\n\n<figure class=\"wp-block-image size-large\"><a href=\"https:\/\/carscollection.com\/wp-content\/uploads\/2026\/09\/0S4A3705-1024x683.jpg\"><img loading=\"lazy\" decoding=\"async\" width=\"1024\" height=\"683\" data-id=\"259294\" src=\"https:\/\/carscollection.com\/wp-content\/uploads\/2026\/09\/0S4A3705-1024x683.jpg\" alt=\"14 Ferrari F40s at The Quail during Monterey Car Week 2026\" class=\"wp-image-259294\" srcset=\"https:\/\/carscollection.com\/wp-content\/uploads\/2026\/09\/0S4A3705-1024x683.jpg 1024w, https:\/\/carscollection.com\/wp-content\/uploads\/2026\/09\/0S4A3705-300x200.jpg 300w, https:\/\/carscollection.com\/wp-content\/uploads\/2026\/09\/0S4A3705-768x512.jpg 768w, https:\/\/carscollection.com\/wp-content\/uploads\/2026\/09\/0S4A3705-1536x1024.jpg 1536w, https:\/\/carscollection.com\/wp-content\/uploads\/2026\/09\/0S4A3705-18x12.jpg 18w, https:\/\/carscollection.com\/wp-content\/uploads\/2026\/09\/0S4A3705.jpg 1966w\" sizes=\"auto, (max-width: 1024px) 100vw, 1024px\" \/><\/a><\/figure>\n\n\n\n<figure class=\"wp-block-image size-large\"><a href=\"https:\/\/carscollection.com\/wp-content\/uploads\/2026\/09\/0S4A3703-1024x683.jpg\"><img loading=\"lazy\" decoding=\"async\" width=\"1024\" height=\"683\" data-id=\"259293\" src=\"https:\/\/carscollection.com\/wp-content\/uploads\/2026\/09\/0S4A3703-1024x683.jpg\" alt=\"14 Ferrari F40s at The Quail during Monterey Car Week 2026\" class=\"wp-image-259293\" srcset=\"https:\/\/carscollection.com\/wp-content\/uploads\/2026\/09\/0S4A3703-1024x683.jpg 1024w, https:\/\/carscollection.com\/wp-content\/uploads\/2026\/09\/0S4A3703-300x200.jpg 300w, https:\/\/carscollection.com\/wp-content\/uploads\/2026\/09\/0S4A3703-768x512.jpg 768w, https:\/\/carscollection.com\/wp-content\/uploads\/2026\/09\/0S4A3703-1536x1024.jpg 1536w, https:\/\/carscollection.com\/wp-content\/uploads\/2026\/09\/0S4A3703-18x12.jpg 18w, https:\/\/carscollection.com\/wp-content\/uploads\/2026\/09\/0S4A3703.jpg 1966w\" sizes=\"auto, (max-width: 1024px) 100vw, 1024px\" \/><\/a><\/figure>\n<\/figure>\n\n\n\n<p class=\"wp-block-paragraph\">And Friday was still far from over. I had seen the CCGT1 at The Quail, but I was still on Koenigsegg's guest list. Later that same day, I was to return to the house that only a few hours earlier had been completely empty.<\/p>\n\n\n\n<h2 id=\"h-tillbaka-till-koenigsegg\" class=\"wp-block-heading\">Back to Koenigsegg<\/h2>\n\n\n\n<p class=\"wp-block-paragraph\">The truly incredible day was to continue even after The Quail. Later that evening I went back to Koenigsegg's house, and when I arrived it was hard to believe it was the same place I had visited in the morning. The completely empty house had come to life. Parked in front of the house were several of Koenigsegg's customer cars, the facade was bathed in red light and spotlights swept across the night sky.<\/p>\n\n\n\n<figure class=\"wp-block-gallery has-nested-images columns-default is-cropped wp-block-gallery-11 is-layout-flex wp-block-gallery-is-layout-flex\">\n<figure class=\"wp-block-image size-large\"><a href=\"https:\/\/carscollection.com\/wp-content\/uploads\/2026\/09\/IMG_4825-576x1024.jpg\"><img loading=\"lazy\" decoding=\"async\" width=\"576\" height=\"1024\" data-id=\"259347\" src=\"https:\/\/carscollection.com\/wp-content\/uploads\/2026\/09\/IMG_4825-576x1024.jpg\" alt=\"Koenigsegg House during Monterey Car Week 2026\" class=\"wp-image-259347\" srcset=\"https:\/\/carscollection.com\/wp-content\/uploads\/2026\/09\/IMG_4825-576x1024.jpg 576w, https:\/\/carscollection.com\/wp-content\/uploads\/2026\/09\/IMG_4825-169x300.jpg 169w, https:\/\/carscollection.com\/wp-content\/uploads\/2026\/09\/IMG_4825-768x1365.jpg 768w, https:\/\/carscollection.com\/wp-content\/uploads\/2026\/09\/IMG_4825-864x1536.jpg 864w, https:\/\/carscollection.com\/wp-content\/uploads\/2026\/09\/IMG_4825-1152x2048.jpg 1152w, https:\/\/carscollection.com\/wp-content\/uploads\/2026\/09\/IMG_4825-7x12.jpg 7w, https:\/\/carscollection.com\/wp-content\/uploads\/2026\/09\/IMG_4825-scaled.jpg 1440w\" sizes=\"auto, (max-width: 576px) 100vw, 576px\" \/><\/a><\/figure>\n\n\n\n<figure class=\"wp-block-image size-large\"><a href=\"https:\/\/carscollection.com\/wp-content\/uploads\/2026\/09\/IMG_4827-576x1024.jpg\"><img loading=\"lazy\" decoding=\"async\" width=\"576\" height=\"1024\" data-id=\"259348\" src=\"https:\/\/carscollection.com\/wp-content\/uploads\/2026\/09\/IMG_4827-576x1024.jpg\" alt=\"Koenigsegg Regera and CC850 outside Koenigsegg&#039;s house in Monterey 2026\" class=\"wp-image-259348\" srcset=\"https:\/\/carscollection.com\/wp-content\/uploads\/2026\/09\/IMG_4827-576x1024.jpg 576w, https:\/\/carscollection.com\/wp-content\/uploads\/2026\/09\/IMG_4827-169x300.jpg 169w, https:\/\/carscollection.com\/wp-content\/uploads\/2026\/09\/IMG_4827-768x1365.jpg 768w, https:\/\/carscollection.com\/wp-content\/uploads\/2026\/09\/IMG_4827-864x1536.jpg 864w, https:\/\/carscollection.com\/wp-content\/uploads\/2026\/09\/IMG_4827-1152x2048.jpg 1152w, https:\/\/carscollection.com\/wp-content\/uploads\/2026\/09\/IMG_4827-7x12.jpg 7w, https:\/\/carscollection.com\/wp-content\/uploads\/2026\/09\/IMG_4827-scaled.jpg 1440w\" sizes=\"auto, (max-width: 576px) 100vw, 576px\" \/><\/a><\/figure>\n\n\n\n<figure class=\"wp-block-image size-large\"><a href=\"https:\/\/carscollection.com\/wp-content\/uploads\/2026\/09\/IMG_4852-576x1024.jpg\"><img loading=\"lazy\" decoding=\"async\" width=\"576\" height=\"1024\" data-id=\"259354\" src=\"https:\/\/carscollection.com\/wp-content\/uploads\/2026\/09\/IMG_4852-576x1024.jpg\" alt=\"Koenigsegg House during Monterey Car Week 2026\" class=\"wp-image-259354\" srcset=\"https:\/\/carscollection.com\/wp-content\/uploads\/2026\/09\/IMG_4852-576x1024.jpg 576w, https:\/\/carscollection.com\/wp-content\/uploads\/2026\/09\/IMG_4852-169x300.jpg 169w, https:\/\/carscollection.com\/wp-content\/uploads\/2026\/09\/IMG_4852-768x1365.jpg 768w, https:\/\/carscollection.com\/wp-content\/uploads\/2026\/09\/IMG_4852-864x1536.jpg 864w, https:\/\/carscollection.com\/wp-content\/uploads\/2026\/09\/IMG_4852-1152x2048.jpg 1152w, https:\/\/carscollection.com\/wp-content\/uploads\/2026\/09\/IMG_4852-7x12.jpg 7w, https:\/\/carscollection.com\/wp-content\/uploads\/2026\/09\/IMG_4852-scaled.jpg 1440w\" sizes=\"auto, (max-width: 576px) 100vw, 576px\" \/><\/a><\/figure>\n<\/figure>\n\n\n\n<p class=\"wp-block-paragraph\">However, the car I had primarily come back to see was parked on the other side of the house. Behind the villa, out in the garden, Koenigsegg had built their own stage for the CCGT1. There the car stood alone, illuminated against a black background with the CCGT1 logo above it. After first going to the house in the morning and finding it completely deserted, and then seeing the car among all the people at The Quail, I finally had the opportunity to take a closer look at it in much more peaceful circumstances.<\/p>\n\n\n\n<p class=\"wp-block-paragraph\">I also had a nice chat with Christian von Koenigsegg, as usual. We have met many times over the years and always have pleasant conversations when we see each other. I also met Halld\u00f3ra, Sebastian and their youngest son Samuel. After the pace and all the people at The Quail, it was a completely different feeling to finish the day here together with the Koenigsegg family and the gang around them.<\/p>\n\n\n\n<figure class=\"wp-block-gallery has-nested-images columns-default is-cropped wp-block-gallery-12 is-layout-flex wp-block-gallery-is-layout-flex\">\n<figure class=\"wp-block-image size-large\"><a href=\"https:\/\/carscollection.com\/wp-content\/uploads\/2026\/09\/IMG_4832-1024x1024.jpg\"><img loading=\"lazy\" decoding=\"async\" width=\"1024\" height=\"1024\" data-id=\"259349\" src=\"https:\/\/carscollection.com\/wp-content\/uploads\/2026\/09\/IMG_4832-1024x1024.jpg\" alt=\"Koenigsegg CCGT1 video at Koenigsegg House in Monterey\" class=\"wp-image-259349\" srcset=\"https:\/\/carscollection.com\/wp-content\/uploads\/2026\/09\/IMG_4832-1024x1024.jpg 1024w, https:\/\/carscollection.com\/wp-content\/uploads\/2026\/09\/IMG_4832-300x300.jpg 300w, https:\/\/carscollection.com\/wp-content\/uploads\/2026\/09\/IMG_4832-150x150.jpg 150w, https:\/\/carscollection.com\/wp-content\/uploads\/2026\/09\/IMG_4832-768x768.jpg 768w, https:\/\/carscollection.com\/wp-content\/uploads\/2026\/09\/IMG_4832-1536x1536.jpg 1536w, https:\/\/carscollection.com\/wp-content\/uploads\/2026\/09\/IMG_4832-2048x2048.jpg 2048w, https:\/\/carscollection.com\/wp-content\/uploads\/2026\/09\/IMG_4832-12x12.jpg 12w\" sizes=\"auto, (max-width: 1024px) 100vw, 1024px\" \/><\/a><\/figure>\n\n\n\n<figure class=\"wp-block-image size-large\"><a href=\"https:\/\/carscollection.com\/wp-content\/uploads\/2026\/09\/IMG_4836-1024x1024.jpg\"><img loading=\"lazy\" decoding=\"async\" width=\"1024\" height=\"1024\" data-id=\"259350\" src=\"https:\/\/carscollection.com\/wp-content\/uploads\/2026\/09\/IMG_4836-1024x1024.jpg\" alt=\"Koenigsegg CCGT1 video at Koenigsegg House in Monterey\" class=\"wp-image-259350\" srcset=\"https:\/\/carscollection.com\/wp-content\/uploads\/2026\/09\/IMG_4836-1024x1024.jpg 1024w, https:\/\/carscollection.com\/wp-content\/uploads\/2026\/09\/IMG_4836-300x300.jpg 300w, https:\/\/carscollection.com\/wp-content\/uploads\/2026\/09\/IMG_4836-150x150.jpg 150w, https:\/\/carscollection.com\/wp-content\/uploads\/2026\/09\/IMG_4836-768x768.jpg 768w, https:\/\/carscollection.com\/wp-content\/uploads\/2026\/09\/IMG_4836-1536x1536.jpg 1536w, https:\/\/carscollection.com\/wp-content\/uploads\/2026\/09\/IMG_4836-2048x2048.jpg 2048w, https:\/\/carscollection.com\/wp-content\/uploads\/2026\/09\/IMG_4836-12x12.jpg 12w\" sizes=\"auto, (max-width: 1024px) 100vw, 1024px\" \/><\/a><\/figure>\n\n\n\n<figure class=\"wp-block-image size-large\"><a href=\"https:\/\/carscollection.com\/wp-content\/uploads\/2026\/09\/IMG_4844-1024x1024.jpg\"><img loading=\"lazy\" decoding=\"async\" width=\"1024\" height=\"1024\" data-id=\"259352\" src=\"https:\/\/carscollection.com\/wp-content\/uploads\/2026\/09\/IMG_4844-1024x1024.jpg\" alt=\"Koenigsegg CCGT1 and Christian von Koenigsegg\" class=\"wp-image-259352\" srcset=\"https:\/\/carscollection.com\/wp-content\/uploads\/2026\/09\/IMG_4844-1024x1024.jpg 1024w, https:\/\/carscollection.com\/wp-content\/uploads\/2026\/09\/IMG_4844-300x300.jpg 300w, https:\/\/carscollection.com\/wp-content\/uploads\/2026\/09\/IMG_4844-150x150.jpg 150w, https:\/\/carscollection.com\/wp-content\/uploads\/2026\/09\/IMG_4844-768x768.jpg 768w, https:\/\/carscollection.com\/wp-content\/uploads\/2026\/09\/IMG_4844-1536x1536.jpg 1536w, https:\/\/carscollection.com\/wp-content\/uploads\/2026\/09\/IMG_4844-2048x2048.jpg 2048w, https:\/\/carscollection.com\/wp-content\/uploads\/2026\/09\/IMG_4844-12x12.jpg 12w\" sizes=\"auto, (max-width: 1024px) 100vw, 1024px\" \/><\/a><\/figure>\n<\/figure>\n\n\n\n<h2 id=\"h-ccgt1-vackte-gamla-minnen\" class=\"wp-block-heading\">CCGT1 brought back old memories<\/h2>\n\n\n\n<p class=\"wp-block-paragraph\">For me, there is also a special story behind the name CCGT itself, and during Monterey Car Week that story suddenly became very relevant again. As I stood in front of the new CCGT1 in Monterey, it brought back memories of GotlandRing, where many years earlier I photographed the original Koenigsegg CCGT.<\/p>\n\n\n\n<p class=\"wp-block-paragraph\">It was during <a href=\"https:\/\/www.granturismoevents.com\">Gran Turismo<\/a> <a href=\"https:\/\/gotlandring.com\">GotlandRing<\/a>, where B\u00e5rd Eker had brought the car to the event. For me, it was a very special occasion to get to photograph a car that even then was a unique part of Koenigsegg's history. Below are some of my pictures of the CCGT from that occasion.<\/p>\n\n\n\n<figure class=\"wp-block-gallery has-nested-images columns-default is-cropped wp-block-gallery-13 is-layout-flex wp-block-gallery-is-layout-flex\">\n<figure class=\"wp-block-image size-large\"><a href=\"https:\/\/carscollection.com\/wp-content\/uploads\/2026\/08\/96974-untitled6-1024x683.jpg\"><img loading=\"lazy\" decoding=\"async\" width=\"1024\" height=\"683\" data-id=\"259149\" src=\"https:\/\/carscollection.com\/wp-content\/uploads\/2026\/08\/96974-untitled6-1024x683.jpg\" alt=\"Koenigsegg CCGT\" class=\"wp-image-259149\" srcset=\"https:\/\/carscollection.com\/wp-content\/uploads\/2026\/08\/96974-untitled6-1024x683.jpg 1024w, https:\/\/carscollection.com\/wp-content\/uploads\/2026\/08\/96974-untitled6-300x200.jpg 300w, https:\/\/carscollection.com\/wp-content\/uploads\/2026\/08\/96974-untitled6-768x512.jpg 768w, https:\/\/carscollection.com\/wp-content\/uploads\/2026\/08\/96974-untitled6-1536x1025.jpg 1536w, https:\/\/carscollection.com\/wp-content\/uploads\/2026\/08\/96974-untitled6-18x12.jpg 18w, https:\/\/carscollection.com\/wp-content\/uploads\/2026\/08\/96974-untitled6-200x133.jpg 200w, https:\/\/carscollection.com\/wp-content\/uploads\/2026\/08\/96974-untitled6.jpg 1800w\" sizes=\"auto, (max-width: 1024px) 100vw, 1024px\" \/><\/a><\/figure>\n\n\n\n<figure class=\"wp-block-image size-large\"><a href=\"https:\/\/carscollection.com\/wp-content\/uploads\/2026\/08\/81b2f-mg_4406-1024x725.jpg\"><img loading=\"lazy\" decoding=\"async\" width=\"1024\" height=\"725\" data-id=\"259148\" src=\"https:\/\/carscollection.com\/wp-content\/uploads\/2026\/08\/81b2f-mg_4406-1024x725.jpg\" alt=\"Koenigsegg CCGT on Gotland Ring\" class=\"wp-image-259148\" srcset=\"https:\/\/carscollection.com\/wp-content\/uploads\/2026\/08\/81b2f-mg_4406-1024x725.jpg 1024w, https:\/\/carscollection.com\/wp-content\/uploads\/2026\/08\/81b2f-mg_4406-300x213.jpg 300w, https:\/\/carscollection.com\/wp-content\/uploads\/2026\/08\/81b2f-mg_4406-768x544.jpg 768w, https:\/\/carscollection.com\/wp-content\/uploads\/2026\/08\/81b2f-mg_4406-1536x1088.jpg 1536w, https:\/\/carscollection.com\/wp-content\/uploads\/2026\/08\/81b2f-mg_4406-18x12.jpg 18w, https:\/\/carscollection.com\/wp-content\/uploads\/2026\/08\/81b2f-mg_4406-200x142.jpg 200w, https:\/\/carscollection.com\/wp-content\/uploads\/2026\/08\/81b2f-mg_4406.jpg 1800w\" sizes=\"auto, (max-width: 1024px) 100vw, 1024px\" \/><\/a><\/figure>\n\n\n\n<figure class=\"wp-block-image size-large\"><a href=\"https:\/\/carscollection.com\/wp-content\/uploads\/2026\/08\/748c0-mg_4745-1024x683-1.jpg\"><img loading=\"lazy\" decoding=\"async\" width=\"1024\" height=\"683\" data-id=\"259147\" src=\"https:\/\/carscollection.com\/wp-content\/uploads\/2026\/08\/748c0-mg_4745-1024x683-1.jpg\" alt=\"B\u00e5rd Eker in the Koenigsegg CCGT\" class=\"wp-image-259147\" srcset=\"https:\/\/carscollection.com\/wp-content\/uploads\/2026\/08\/748c0-mg_4745-1024x683-1.jpg 1024w, https:\/\/carscollection.com\/wp-content\/uploads\/2026\/08\/748c0-mg_4745-1024x683-1-300x200.jpg 300w, https:\/\/carscollection.com\/wp-content\/uploads\/2026\/08\/748c0-mg_4745-1024x683-1-768x512.jpg 768w, https:\/\/carscollection.com\/wp-content\/uploads\/2026\/08\/748c0-mg_4745-1024x683-1-18x12.jpg 18w, https:\/\/carscollection.com\/wp-content\/uploads\/2026\/08\/748c0-mg_4745-1024x683-1-200x133.jpg 200w\" sizes=\"auto, (max-width: 1024px) 100vw, 1024px\" \/><\/a><\/figure>\n<\/figure>\n\n\n\n<p class=\"wp-block-paragraph\">The original was built for GT1 racing. Koenigsegg had developed a competition car with the ambition of stepping into international GT-racing, but before the car had time to race, the rules were changed. The project therefore never got the future on the racetracks that was intended.<\/p>\n\n\n\n<h2 id=\"h-nastan-tva-decennier-senare\" class=\"wp-block-heading\">Almost two decades later<\/h2>\n\n\n\n<p class=\"wp-block-paragraph\">The CCGT1 is a modern and road-legal interpretation of the same idea, this time based on the CC850. However, it is perhaps above all the appearance that brings to mind the racing car. The enormous rear wing, the aerodynamics and the overall stance of the car make it look as though it should be parked in the paddock ahead of a GT race.<\/p>\n\n\n\n<p class=\"wp-block-paragraph\">For me, therefore, meeting the CCGT1 during Monterey Car Week 2026 became something more than just getting to see yet another new Koenigsegg. I had photographed the car where the story began at Gotland Ring. Now I was standing on the other side of the earth in front of its modern successor, almost two decades later.<\/p>\n\n\n\n<p class=\"wp-block-paragraph\">When darkness fell over Monterey, the Koenigsegg house glowed red and the spotlights drew their patterns across the sky, it was hard to imagine that the very same place had been completely empty just a few hours earlier. The day had begun here with a sense of disappointment. Now it ended in the exact same place, but in a way I could never have planned.<\/p>\n\n\n\n<figure class=\"wp-block-gallery has-nested-images columns-default is-cropped wp-block-gallery-14 is-layout-flex wp-block-gallery-is-layout-flex\">\n<figure class=\"wp-block-image size-large\"><a href=\"https:\/\/carscollection.com\/wp-content\/uploads\/2026\/09\/IMG_4736-576x1024.jpg\"><img loading=\"lazy\" decoding=\"async\" width=\"576\" height=\"1024\" data-id=\"259316\" src=\"https:\/\/carscollection.com\/wp-content\/uploads\/2026\/09\/IMG_4736-576x1024.jpg\" alt=\"Kimera K39 and James Holm during Monterey Car Week 2026\" class=\"wp-image-259316\" srcset=\"https:\/\/carscollection.com\/wp-content\/uploads\/2026\/09\/IMG_4736-576x1024.jpg 576w, https:\/\/carscollection.com\/wp-content\/uploads\/2026\/09\/IMG_4736-169x300.jpg 169w, https:\/\/carscollection.com\/wp-content\/uploads\/2026\/09\/IMG_4736-768x1365.jpg 768w, https:\/\/carscollection.com\/wp-content\/uploads\/2026\/09\/IMG_4736-864x1536.jpg 864w, https:\/\/carscollection.com\/wp-content\/uploads\/2026\/09\/IMG_4736-1152x2048.jpg 1152w, https:\/\/carscollection.com\/wp-content\/uploads\/2026\/09\/IMG_4736-7x12.jpg 7w, https:\/\/carscollection.com\/wp-content\/uploads\/2026\/09\/IMG_4736-scaled.jpg 1440w\" sizes=\"auto, (max-width: 576px) 100vw, 576px\" \/><\/a><\/figure>\n\n\n\n<figure class=\"wp-block-image size-large\"><a href=\"https:\/\/carscollection.com\/wp-content\/uploads\/2026\/09\/IMG_4786-576x1024.jpg\"><img loading=\"lazy\" decoding=\"async\" width=\"576\" height=\"1024\" data-id=\"259326\" src=\"https:\/\/carscollection.com\/wp-content\/uploads\/2026\/09\/IMG_4786-576x1024.jpg\" alt=\"Koenigsegg CCGT1 and James Holm at The Quail during Monterey Car Week 2026\" class=\"wp-image-259326\" srcset=\"https:\/\/carscollection.com\/wp-content\/uploads\/2026\/09\/IMG_4786-576x1024.jpg 576w, https:\/\/carscollection.com\/wp-content\/uploads\/2026\/09\/IMG_4786-169x300.jpg 169w, https:\/\/carscollection.com\/wp-content\/uploads\/2026\/09\/IMG_4786-768x1365.jpg 768w, https:\/\/carscollection.com\/wp-content\/uploads\/2026\/09\/IMG_4786-864x1536.jpg 864w, https:\/\/carscollection.com\/wp-content\/uploads\/2026\/09\/IMG_4786-1152x2048.jpg 1152w, https:\/\/carscollection.com\/wp-content\/uploads\/2026\/09\/IMG_4786-7x12.jpg 7w, https:\/\/carscollection.com\/wp-content\/uploads\/2026\/09\/IMG_4786-scaled.jpg 1440w\" sizes=\"auto, (max-width: 576px) 100vw, 576px\" \/><\/a><\/figure>\n\n\n\n<figure class=\"wp-block-image size-large\"><a href=\"https:\/\/carscollection.com\/wp-content\/uploads\/2026\/09\/IMG_4815-576x1024.jpg\"><img loading=\"lazy\" decoding=\"async\" width=\"576\" height=\"1024\" data-id=\"259331\" src=\"https:\/\/carscollection.com\/wp-content\/uploads\/2026\/09\/IMG_4815-576x1024.jpg\" alt=\"James Holm and Stephan Winkelmann at The Quail during Monterey Car Week 2026\" class=\"wp-image-259331\" srcset=\"https:\/\/carscollection.com\/wp-content\/uploads\/2026\/09\/IMG_4815-576x1024.jpg 576w, https:\/\/carscollection.com\/wp-content\/uploads\/2026\/09\/IMG_4815-169x300.jpg 169w, https:\/\/carscollection.com\/wp-content\/uploads\/2026\/09\/IMG_4815-768x1365.jpg 768w, https:\/\/carscollection.com\/wp-content\/uploads\/2026\/09\/IMG_4815-864x1536.jpg 864w, https:\/\/carscollection.com\/wp-content\/uploads\/2026\/09\/IMG_4815-1152x2048.jpg 1152w, https:\/\/carscollection.com\/wp-content\/uploads\/2026\/09\/IMG_4815-7x12.jpg 7w, https:\/\/carscollection.com\/wp-content\/uploads\/2026\/09\/IMG_4815-scaled.jpg 1440w\" sizes=\"auto, (max-width: 576px) 100vw, 576px\" \/><\/a><\/figure>\n\n\n\n<figure class=\"wp-block-image size-large\"><a href=\"https:\/\/carscollection.com\/wp-content\/uploads\/2026\/09\/IMG_4723-576x1024.jpg\"><img loading=\"lazy\" decoding=\"async\" width=\"576\" height=\"1024\" data-id=\"259312\" src=\"https:\/\/carscollection.com\/wp-content\/uploads\/2026\/09\/IMG_4723-576x1024.jpg\" alt=\"James Holm and the Hennessey Blackbird at The Quail during Monterey Car Week 2026\" class=\"wp-image-259312\" srcset=\"https:\/\/carscollection.com\/wp-content\/uploads\/2026\/09\/IMG_4723-576x1024.jpg 576w, https:\/\/carscollection.com\/wp-content\/uploads\/2026\/09\/IMG_4723-169x300.jpg 169w, https:\/\/carscollection.com\/wp-content\/uploads\/2026\/09\/IMG_4723-768x1365.jpg 768w, https:\/\/carscollection.com\/wp-content\/uploads\/2026\/09\/IMG_4723-864x1536.jpg 864w, https:\/\/carscollection.com\/wp-content\/uploads\/2026\/09\/IMG_4723-1152x2048.jpg 1152w, https:\/\/carscollection.com\/wp-content\/uploads\/2026\/09\/IMG_4723-7x12.jpg 7w, https:\/\/carscollection.com\/wp-content\/uploads\/2026\/09\/IMG_4723-scaled.jpg 1440w\" sizes=\"auto, (max-width: 576px) 100vw, 576px\" \/><\/a><\/figure>\n\n\n\n<figure class=\"wp-block-image size-large\"><a href=\"https:\/\/carscollection.com\/wp-content\/uploads\/2026\/09\/IMG_4713-576x1024.jpg\"><img loading=\"lazy\" decoding=\"async\" width=\"576\" height=\"1024\" data-id=\"259308\" src=\"https:\/\/carscollection.com\/wp-content\/uploads\/2026\/09\/IMG_4713-576x1024.jpg\" alt=\"James Holm and Lamborghini Revuelto SV and Alessandro Farmeschi at the Quail during Monterey Car Week 2026\" class=\"wp-image-259308\" srcset=\"https:\/\/carscollection.com\/wp-content\/uploads\/2026\/09\/IMG_4713-576x1024.jpg 576w, https:\/\/carscollection.com\/wp-content\/uploads\/2026\/09\/IMG_4713-169x300.jpg 169w, https:\/\/carscollection.com\/wp-content\/uploads\/2026\/09\/IMG_4713-768x1365.jpg 768w, https:\/\/carscollection.com\/wp-content\/uploads\/2026\/09\/IMG_4713-864x1536.jpg 864w, https:\/\/carscollection.com\/wp-content\/uploads\/2026\/09\/IMG_4713-1152x2048.jpg 1152w, https:\/\/carscollection.com\/wp-content\/uploads\/2026\/09\/IMG_4713-7x12.jpg 7w, https:\/\/carscollection.com\/wp-content\/uploads\/2026\/09\/IMG_4713-scaled.jpg 1440w\" sizes=\"auto, (max-width: 576px) 100vw, 576px\" \/><\/a><\/figure>\n\n\n\n<figure class=\"wp-block-image size-large\"><a href=\"https:\/\/carscollection.com\/wp-content\/uploads\/2026\/09\/IMG_4848-576x1024.jpg\"><img loading=\"lazy\" decoding=\"async\" width=\"576\" height=\"1024\" data-id=\"259353\" src=\"https:\/\/carscollection.com\/wp-content\/uploads\/2026\/09\/IMG_4848-576x1024.jpg\" alt=\"James Holm, CCGT1 Koenigsegg and Christian von Koenigsegg inside the Koenigsegg house during Monterey Car Week 2026\" class=\"wp-image-259353\" srcset=\"https:\/\/carscollection.com\/wp-content\/uploads\/2026\/09\/IMG_4848-576x1024.jpg 576w, https:\/\/carscollection.com\/wp-content\/uploads\/2026\/09\/IMG_4848-169x300.jpg 169w, https:\/\/carscollection.com\/wp-content\/uploads\/2026\/09\/IMG_4848-768x1365.jpg 768w, https:\/\/carscollection.com\/wp-content\/uploads\/2026\/09\/IMG_4848-864x1536.jpg 864w, https:\/\/carscollection.com\/wp-content\/uploads\/2026\/09\/IMG_4848-1152x2048.jpg 1152w, https:\/\/carscollection.com\/wp-content\/uploads\/2026\/09\/IMG_4848-7x12.jpg 7w, https:\/\/carscollection.com\/wp-content\/uploads\/2026\/09\/IMG_4848-scaled.jpg 1440w\" sizes=\"auto, (max-width: 576px) 100vw, 576px\" \/><\/a><\/figure>\n<\/figure>","protected":false},"excerpt":{"rendered":"<p>Monterey Car Week 2026, del 2 Ett misstag i planeringen Inf\u00f6r min resa till Monterey Car Week 2026 hade jag egentligen ganska d\u00e5lig koll p\u00e5 vad som v\u00e4ntade mig. Jag visste naturligtvis vad Pebble Beach Concours d\u2019Elegance var, som dessutom firade sitt 75:e genomf\u00f6rande 2026, men inte hur enorm hela veckan runt omkring hade blivit. [&hellip;]<\/p>\n","protected":false},"author":248531633,"featured_media":259290,"comment_status":"open","ping_status":"open","sticky":true,"template":"","format":"standard","meta":{"_jetpack_newsletter_access":"","_jetpack_dont_email_post_to_subs":false,"_jetpack_newsletter_tier_id":0,"_jetpack_memberships_contains_paywalled_content":false,"_jetpack_feature_clip_id":0,"_jetpack_memberships_contains_paid_content":false,"footnotes":"","jetpack_post_was_ever_published":false},"categories":[57028176,57028184],"tags":[],"class_list":["post-259285","post","type-post","status-publish","format-standard","has-post-thumbnail","hentry","category-event","category-hypersports-cars"],"yoast_head":"<!-- This site is optimized with the Yoast SEO Premium plugin v28.4 (Yoast SEO v28.4) - https:\/\/yoast.com\/product\/yoast-seo-premium-wordpress\/ -->\n<title>Monterey Car Week 2026 \u2013 The Quail &amp; Koenigsegg<\/title>\n<meta name=\"description\" content=\"Monterey Car Week 2026 forts\u00e4tter med The Quail, Koenigsegg CCGT1 och ett kv\u00e4llsbes\u00f6k hos Koenigsegg. F\u00f6lj med bakom kulisserna i Monterey.\" \/>\n<meta name=\"robots\" content=\"index, follow, max-snippet:-1, max-image-preview:large, max-video-preview:-1\" \/>\n<link rel=\"canonical\" href=\"https:\/\/carscollection.com\/en\/monterey-car-week-2026-part-2\/\" \/>\n<meta property=\"og:locale\" content=\"en_GB\" \/>\n<meta property=\"og:type\" content=\"article\" \/>\n<meta property=\"og:title\" content=\"Monterey Car Week 2026, del 2\" \/>\n<meta property=\"og:description\" content=\"Monterey Car Week 2026 forts\u00e4tter med The Quail, Koenigsegg CCGT1 och ett kv\u00e4llsbes\u00f6k hos Koenigsegg. F\u00f6lj med bakom kulisserna i Monterey.\" \/>\n<meta property=\"og:url\" content=\"https:\/\/carscollection.com\/en\/monterey-car-week-2026-part-2\/\" \/>\n<meta property=\"og:site_name\" content=\"Cars Collection\" \/>\n<meta property=\"article:publisher\" content=\"https:\/\/www.facebook.com\/profile.php?id=100091860107428\" \/>\n<meta property=\"article:published_time\" content=\"2026-09-04T14:18:07+00:00\" \/>\n<meta property=\"article:modified_time\" content=\"2026-09-04T14:31:20+00:00\" \/>\n<meta property=\"og:image\" content=\"https:\/\/carscollection.com\/wp-content\/uploads\/2026\/09\/0S4A3693.jpg\" \/>\n\t<meta property=\"og:image:width\" content=\"1867\" \/>\n\t<meta property=\"og:image:height\" content=\"1246\" \/>\n\t<meta property=\"og:image:type\" content=\"image\/jpeg\" \/>\n<meta name=\"author\" content=\"James Holm\" \/>\n<meta name=\"twitter:card\" content=\"summary_large_image\" \/>\n<meta name=\"twitter:label1\" content=\"Written by\" \/>\n\t<meta name=\"twitter:data1\" content=\"James Holm\" \/>\n\t<meta name=\"twitter:label2\" content=\"Estimated reading time\" \/>\n\t<meta name=\"twitter:data2\" content=\"17 minutes\" \/>\n<script type=\"application\/ld+json\" class=\"yoast-schema-graph\">{\"@context\":\"https:\\\/\\\/schema.org\",\"@graph\":[{\"@type\":\"Article\",\"@id\":\"https:\\\/\\\/carscollection.com\\\/monterey-car-week-2026-del-2\\\/#article\",\"isPartOf\":{\"@id\":\"https:\\\/\\\/carscollection.com\\\/monterey-car-week-2026-del-2\\\/\"},\"author\":{\"name\":\"James Holm\",\"@id\":\"https:\\\/\\\/carscollection.com\\\/en\\\/#\\\/schema\\\/person\\\/7f6765665a6fbfc811e95b4e09fa7ef6\"},\"headline\":\"Monterey Car Week 2026, del 2: - Ett misstag i planeringen\",\"datePublished\":\"2026-09-04T14:18:07+00:00\",\"dateModified\":\"2026-09-04T14:31:20+00:00\",\"mainEntityOfPage\":{\"@id\":\"https:\\\/\\\/carscollection.com\\\/monterey-car-week-2026-del-2\\\/\"},\"wordCount\":2105,\"commentCount\":0,\"publisher\":{\"@id\":\"https:\\\/\\\/carscollection.com\\\/en\\\/#organization\"},\"image\":{\"@id\":\"https:\\\/\\\/carscollection.com\\\/monterey-car-week-2026-del-2\\\/#primaryimage\"},\"thumbnailUrl\":\"https:\\\/\\\/carscollection.com\\\/wp-content\\\/uploads\\\/2026\\\/09\\\/0S4A3693.jpg\",\"articleSection\":[\"Event\",\"Hypersports cars\"],\"inLanguage\":\"en-GB\",\"potentialAction\":[{\"@type\":\"CommentAction\",\"name\":\"Comment\",\"target\":[\"https:\\\/\\\/carscollection.com\\\/monterey-car-week-2026-del-2\\\/#respond\"]}]},{\"@type\":\"WebPage\",\"@id\":\"https:\\\/\\\/carscollection.com\\\/monterey-car-week-2026-del-2\\\/\",\"url\":\"https:\\\/\\\/carscollection.com\\\/monterey-car-week-2026-del-2\\\/\",\"name\":\"Monterey Car Week 2026 \u2013 The Quail & Koenigsegg\",\"isPartOf\":{\"@id\":\"https:\\\/\\\/carscollection.com\\\/en\\\/#website\"},\"primaryImageOfPage\":{\"@id\":\"https:\\\/\\\/carscollection.com\\\/monterey-car-week-2026-del-2\\\/#primaryimage\"},\"image\":{\"@id\":\"https:\\\/\\\/carscollection.com\\\/monterey-car-week-2026-del-2\\\/#primaryimage\"},\"thumbnailUrl\":\"https:\\\/\\\/carscollection.com\\\/wp-content\\\/uploads\\\/2026\\\/09\\\/0S4A3693.jpg\",\"datePublished\":\"2026-09-04T14:18:07+00:00\",\"dateModified\":\"2026-09-04T14:31:20+00:00\",\"description\":\"Monterey Car Week 2026 forts\u00e4tter med The Quail, Koenigsegg CCGT1 och ett kv\u00e4llsbes\u00f6k hos Koenigsegg. F\u00f6lj med bakom kulisserna i Monterey.\",\"breadcrumb\":{\"@id\":\"https:\\\/\\\/carscollection.com\\\/monterey-car-week-2026-del-2\\\/#breadcrumb\"},\"inLanguage\":\"en-GB\",\"potentialAction\":[{\"@type\":\"ReadAction\",\"target\":[\"https:\\\/\\\/carscollection.com\\\/monterey-car-week-2026-del-2\\\/\"]}]},{\"@type\":\"ImageObject\",\"inLanguage\":\"en-GB\",\"@id\":\"https:\\\/\\\/carscollection.com\\\/monterey-car-week-2026-del-2\\\/#primaryimage\",\"url\":\"https:\\\/\\\/carscollection.com\\\/wp-content\\\/uploads\\\/2026\\\/09\\\/0S4A3693.jpg\",\"contentUrl\":\"https:\\\/\\\/carscollection.com\\\/wp-content\\\/uploads\\\/2026\\\/09\\\/0S4A3693.jpg\",\"width\":1867,\"height\":1246},{\"@type\":\"BreadcrumbList\",\"@id\":\"https:\\\/\\\/carscollection.com\\\/monterey-car-week-2026-del-2\\\/#breadcrumb\",\"itemListElement\":[{\"@type\":\"ListItem\",\"position\":1,\"name\":\"Home\",\"item\":\"https:\\\/\\\/carscollection.com\\\/en\\\/\"},{\"@type\":\"ListItem\",\"position\":2,\"name\":\"Monterey Car Week 2026, del 2\"}]},{\"@type\":\"WebSite\",\"@id\":\"https:\\\/\\\/carscollection.com\\\/en\\\/#website\",\"url\":\"https:\\\/\\\/carscollection.com\\\/en\\\/\",\"name\":\"Cars Collection\",\"description\":\"\",\"publisher\":{\"@id\":\"https:\\\/\\\/carscollection.com\\\/en\\\/#organization\"},\"potentialAction\":[{\"@type\":\"SearchAction\",\"target\":{\"@type\":\"EntryPoint\",\"urlTemplate\":\"https:\\\/\\\/carscollection.com\\\/en\\\/?s={search_term_string}\"},\"query-input\":{\"@type\":\"PropertyValueSpecification\",\"valueRequired\":true,\"valueName\":\"search_term_string\"}}],\"inLanguage\":\"en-GB\"},{\"@type\":\"Organization\",\"@id\":\"https:\\\/\\\/carscollection.com\\\/en\\\/#organization\",\"name\":\"Cars Collection\",\"url\":\"https:\\\/\\\/carscollection.com\\\/en\\\/\",\"logo\":{\"@type\":\"ImageObject\",\"inLanguage\":\"en-GB\",\"@id\":\"https:\\\/\\\/carscollection.com\\\/en\\\/#\\\/schema\\\/logo\\\/image\\\/\",\"url\":\"https:\\\/\\\/carscollection.com\\\/wp-content\\\/uploads\\\/2026\\\/04\\\/carscollection.png\",\"contentUrl\":\"https:\\\/\\\/carscollection.com\\\/wp-content\\\/uploads\\\/2026\\\/04\\\/carscollection.png\",\"width\":512,\"height\":512,\"caption\":\"Cars Collection\"},\"image\":{\"@id\":\"https:\\\/\\\/carscollection.com\\\/en\\\/#\\\/schema\\\/logo\\\/image\\\/\"},\"sameAs\":[\"https:\\\/\\\/www.facebook.com\\\/profile.php?id=100091860107428\",\"https:\\\/\\\/www.instagram.com\\\/jamesholm.se\",\"https:\\\/\\\/www.youtube.com\\\/@carscollection.com_jamesholm\",\"https:\\\/\\\/www.tiktok.com\\\/@jamesholm.com\"]},{\"@type\":\"Person\",\"@id\":\"https:\\\/\\\/carscollection.com\\\/en\\\/#\\\/schema\\\/person\\\/7f6765665a6fbfc811e95b4e09fa7ef6\",\"name\":\"James Holm\",\"image\":{\"@type\":\"ImageObject\",\"inLanguage\":\"en-GB\",\"@id\":\"https:\\\/\\\/secure.gravatar.com\\\/avatar\\\/52b2224f737dc516fc51b42227ba1fb737697517b3d3e1e8fd93b8b6a12e4ac0?s=96&d=identicon&r=g\",\"url\":\"https:\\\/\\\/secure.gravatar.com\\\/avatar\\\/52b2224f737dc516fc51b42227ba1fb737697517b3d3e1e8fd93b8b6a12e4ac0?s=96&d=identicon&r=g\",\"contentUrl\":\"https:\\\/\\\/secure.gravatar.com\\\/avatar\\\/52b2224f737dc516fc51b42227ba1fb737697517b3d3e1e8fd93b8b6a12e4ac0?s=96&d=identicon&r=g\",\"caption\":\"James Holm\"},\"url\":\"https:\\\/\\\/carscollection.com\\\/en\\\/author\\\/info9f55c45b074\\\/\"}]}<\/script>\n<!-- \/ Yoast SEO Premium plugin. -->","yoast_head_json":{"title":"Monterey Car Week 2026 \u2013 The Quail &amp; Koenigsegg","description":"Monterey Car Week 2026 continues with The Quail, the Koenigsegg CCGT1 and an evening visit to Koenigsegg. Come behind the scenes in Monterey.","robots":{"index":"index","follow":"follow","max-snippet":"max-snippet:-1","max-image-preview":"max-image-preview:large","max-video-preview":"max-video-preview:-1"},"canonical":"https:\/\/carscollection.com\/en\/monterey-car-week-2026-part-2\/","og_locale":"en_GB","og_type":"article","og_title":"Monterey Car Week 2026, del 2","og_description":"Monterey Car Week 2026 forts\u00e4tter med The Quail, Koenigsegg CCGT1 och ett kv\u00e4llsbes\u00f6k hos Koenigsegg. F\u00f6lj med bakom kulisserna i Monterey.","og_url":"https:\/\/carscollection.com\/en\/monterey-car-week-2026-part-2\/","og_site_name":"Cars Collection","article_publisher":"https:\/\/www.facebook.com\/profile.php?id=100091860107428","article_published_time":"2026-09-04T14:18:07+00:00","article_modified_time":"2026-09-04T14:31:20+00:00","og_image":[{"width":1867,"height":1246,"url":"https:\/\/carscollection.com\/wp-content\/uploads\/2026\/09\/0S4A3693.jpg","type":"image\/jpeg"}],"author":"James Holm","twitter_card":"summary_large_image","twitter_misc":{"Written by":"James Holm","Estimated reading time":"17 minutes"},"schema":{"@context":"https:\/\/schema.org","@graph":[{"@type":"Article","@id":"https:\/\/carscollection.com\/monterey-car-week-2026-del-2\/#article","isPartOf":{"@id":"https:\/\/carscollection.com\/monterey-car-week-2026-del-2\/"},"author":{"name":"James Holm","@id":"https:\/\/carscollection.com\/en\/#\/schema\/person\/7f6765665a6fbfc811e95b4e09fa7ef6"},"headline":"Monterey Car Week 2026, del 2: - Ett misstag i planeringen","datePublished":"2026-09-04T14:18:07+00:00","dateModified":"2026-09-04T14:31:20+00:00","mainEntityOfPage":{"@id":"https:\/\/carscollection.com\/monterey-car-week-2026-del-2\/"},"wordCount":2105,"commentCount":0,"publisher":{"@id":"https:\/\/carscollection.com\/en\/#organization"},"image":{"@id":"https:\/\/carscollection.com\/monterey-car-week-2026-del-2\/#primaryimage"},"thumbnailUrl":"https:\/\/carscollection.com\/wp-content\/uploads\/2026\/09\/0S4A3693.jpg","articleSection":["Event","Hypersports cars"],"inLanguage":"en-GB","potentialAction":[{"@type":"CommentAction","name":"Comment","target":["https:\/\/carscollection.com\/monterey-car-week-2026-del-2\/#respond"]}]},{"@type":"WebPage","@id":"https:\/\/carscollection.com\/monterey-car-week-2026-del-2\/","url":"https:\/\/carscollection.com\/monterey-car-week-2026-del-2\/","name":"Monterey Car Week 2026 \u2013 The Quail &amp; Koenigsegg","isPartOf":{"@id":"https:\/\/carscollection.com\/en\/#website"},"primaryImageOfPage":{"@id":"https:\/\/carscollection.com\/monterey-car-week-2026-del-2\/#primaryimage"},"image":{"@id":"https:\/\/carscollection.com\/monterey-car-week-2026-del-2\/#primaryimage"},"thumbnailUrl":"https:\/\/carscollection.com\/wp-content\/uploads\/2026\/09\/0S4A3693.jpg","datePublished":"2026-09-04T14:18:07+00:00","dateModified":"2026-09-04T14:31:20+00:00","description":"Monterey Car Week 2026 continues with The Quail, the Koenigsegg CCGT1 and an evening visit to Koenigsegg. Come behind the scenes in Monterey.","breadcrumb":{"@id":"https:\/\/carscollection.com\/monterey-car-week-2026-del-2\/#breadcrumb"},"inLanguage":"en-GB","potentialAction":[{"@type":"ReadAction","target":["https:\/\/carscollection.com\/monterey-car-week-2026-del-2\/"]}]},{"@type":"ImageObject","inLanguage":"en-GB","@id":"https:\/\/carscollection.com\/monterey-car-week-2026-del-2\/#primaryimage","url":"https:\/\/carscollection.com\/wp-content\/uploads\/2026\/09\/0S4A3693.jpg","contentUrl":"https:\/\/carscollection.com\/wp-content\/uploads\/2026\/09\/0S4A3693.jpg","width":1867,"height":1246},{"@type":"BreadcrumbList","@id":"https:\/\/carscollection.com\/monterey-car-week-2026-del-2\/#breadcrumb","itemListElement":[{"@type":"ListItem","position":1,"name":"Home","item":"https:\/\/carscollection.com\/en\/"},{"@type":"ListItem","position":2,"name":"Monterey Car Week 2026, del 2"}]},{"@type":"WebSite","@id":"https:\/\/carscollection.com\/en\/#website","url":"https:\/\/carscollection.com\/en\/","name":"Cars Collection","description":"","publisher":{"@id":"https:\/\/carscollection.com\/en\/#organization"},"potentialAction":[{"@type":"SearchAction","target":{"@type":"EntryPoint","urlTemplate":"https:\/\/carscollection.com\/en\/?s={search_term_string}"},"query-input":{"@type":"PropertyValueSpecification","valueRequired":true,"valueName":"search_term_string"}}],"inLanguage":"en-GB"},{"@type":"Organization","@id":"https:\/\/carscollection.com\/en\/#organization","name":"Cars Collection","url":"https:\/\/carscollection.com\/en\/","logo":{"@type":"ImageObject","inLanguage":"en-GB","@id":"https:\/\/carscollection.com\/en\/#\/schema\/logo\/image\/","url":"https:\/\/carscollection.com\/wp-content\/uploads\/2026\/04\/carscollection.png","contentUrl":"https:\/\/carscollection.com\/wp-content\/uploads\/2026\/04\/carscollection.png","width":512,"height":512,"caption":"Cars Collection"},"image":{"@id":"https:\/\/carscollection.com\/en\/#\/schema\/logo\/image\/"},"sameAs":["https:\/\/www.facebook.com\/profile.php?id=100091860107428","https:\/\/www.instagram.com\/jamesholm.se","https:\/\/www.youtube.com\/@carscollection.com_jamesholm","https:\/\/www.tiktok.com\/@jamesholm.com"]},{"@type":"Person","@id":"https:\/\/carscollection.com\/en\/#\/schema\/person\/7f6765665a6fbfc811e95b4e09fa7ef6","name":"James Holm","image":{"@type":"ImageObject","inLanguage":"en-GB","@id":"https:\/\/secure.gravatar.com\/avatar\/52b2224f737dc516fc51b42227ba1fb737697517b3d3e1e8fd93b8b6a12e4ac0?s=96&d=identicon&r=g","url":"https:\/\/secure.gravatar.com\/avatar\/52b2224f737dc516fc51b42227ba1fb737697517b3d3e1e8fd93b8b6a12e4ac0?s=96&d=identicon&r=g","contentUrl":"https:\/\/secure.gravatar.com\/avatar\/52b2224f737dc516fc51b42227ba1fb737697517b3d3e1e8fd93b8b6a12e4ac0?s=96&d=identicon&r=g","caption":"James Holm"},"url":"https:\/\/carscollection.com\/en\/author\/info9f55c45b074\/"}]}},"jetpack_sharing_enabled":true,"jetpack_featured_media_url":"https:\/\/carscollection.com\/wp-content\/uploads\/2026\/09\/0S4A3693.jpg","_links":{"self":[{"href":"https:\/\/carscollection.com\/en\/wp-json\/wp\/v2\/posts\/259285","targetHints":{"allow":["GET"]}}],"collection":[{"href":"https:\/\/carscollection.com\/en\/wp-json\/wp\/v2\/posts"}],"about":[{"href":"https:\/\/carscollection.com\/en\/wp-json\/wp\/v2\/types\/post"}],"author":[{"embeddable":true,"href":"https:\/\/carscollection.com\/en\/wp-json\/wp\/v2\/users\/248531633"}],"replies":[{"embeddable":true,"href":"https:\/\/carscollection.com\/en\/wp-json\/wp\/v2\/comments?post=259285"}],"version-history":[{"count":46,"href":"https:\/\/carscollection.com\/en\/wp-json\/wp\/v2\/posts\/259285\/revisions"}],"predecessor-version":[{"id":259388,"href":"https:\/\/carscollection.com\/en\/wp-json\/wp\/v2\/posts\/259285\/revisions\/259388"}],"wp:featuredmedia":[{"embeddable":true,"href":"https:\/\/carscollection.com\/en\/wp-json\/wp\/v2\/media\/259290"}],"wp:attachment":[{"href":"https:\/\/carscollection.com\/en\/wp-json\/wp\/v2\/media?parent=259285"}],"wp:term":[{"taxonomy":"category","embeddable":true,"href":"https:\/\/carscollection.com\/en\/wp-json\/wp\/v2\/categories?post=259285"},{"taxonomy":"post_tag","embeddable":true,"href":"https:\/\/carscollection.com\/en\/wp-json\/wp\/v2\/tags?post=259285"}],"curies":[{"name":"wp","href":"https:\/\/api.w.org\/{rel}","templated":true}]}}